{"id":1493,"date":"2024-06-24T11:11:49","date_gmt":"2024-06-24T16:11:49","guid":{"rendered":"https:\/\/unab.edu.co\/cienciaabierta\/?p=1493"},"modified":"2024-06-25T08:50:33","modified_gmt":"2024-06-25T13:50:33","slug":"si-la-silla-de-ruedas-no-es-electrica-hagamosla-electrica","status":"publish","type":"post","link":"https:\/\/unab.edu.co\/cienciaabierta\/si-la-silla-de-ruedas-no-es-electrica-hagamosla-electrica\/","title":{"rendered":"Si la silla de ruedas no es el\u00e9ctrica, hag\u00e1mosla el\u00e9ctrica"},"content":{"rendered":"<p>[et_pb_section fb_built=\u00bb1&#8243; custom_padding_last_edited=\u00bbon|desktop\u00bb _builder_version=\u00bb4.25.2&#8243; _module_preset=\u00bbdefault\u00bb background_color=\u00bb#D6D6D6&#8243; background_image=\u00bbhttps:\/\/unab.edu.co\/cienciaabierta\/wp-content\/uploads\/2024\/06\/silla-ruedas-electrica.jpg\u00bb background_blend=\u00bbmultiply\u00bb width=\u00bb100%\u00bb max_width=\u00bb100%\u00bb min_height=\u00bb840px\u00bb min_height_tablet=\u00bb510px\u00bb min_height_phone=\u00bb600px\u00bb min_height_last_edited=\u00bbon|tablet\u00bb height=\u00bb1000px\u00bb max_height=\u00bb510px\u00bb custom_margin=\u00bb||||false|false\u00bb custom_margin_tablet=\u00bb||||false|false\u00bb custom_margin_phone=\u00bb||||false|false\u00bb custom_margin_last_edited=\u00bbon|desktop\u00bb custom_padding=\u00bb54px|0px|||false|false\u00bb custom_padding_tablet=\u00bb54px|0px|||false|false\u00bb custom_padding_phone=\u00bb54px|0px|||false|false\u00bb hover_enabled=\u00bb0&#8243; background_last_edited=\u00bbon|desktop\u00bb background_image_phone=\u00bbhttps:\/\/unab.edu.co\/cienciaabierta\/wp-content\/uploads\/2024\/06\/silla-ruedas-electrica.jpg\u00bb background_enable_image_phone=\u00bbon\u00bb box_shadow_style=\u00bbpreset2&#8243; locked=\u00bboff\u00bb global_colors_info=\u00bb{}\u00bb title_text=\u00bbsilla-ruedas-electrica\u00bb sticky_enabled=\u00bb0&#8243;][et_pb_row _builder_version=\u00bb4.20.4&#8243; _module_preset=\u00bbdefault\u00bb global_colors_info=\u00bb{}\u00bb][et_pb_column type=\u00bb4_4&#8243; _builder_version=\u00bb4.16&#8243; _module_preset=\u00bbdefault\u00bb global_colors_info=\u00bb{}\u00bb][et_pb_text _builder_version=\u00bb4.17.3&#8243; _module_preset=\u00bbdefault\u00bb header_font=\u00bbPoppins|700|||||||\u00bb header_text_color=\u00bb#FFFFFF\u00bb header_font_size=\u00bb56px\u00bb header_line_height=\u00bb1.1em\u00bb max_width=\u00bb100%\u00bb module_alignment=\u00bbcenter\u00bb custom_margin=\u00bb||0.5em||false|false\u00bb custom_padding=\u00bb37em||0.5em||false|false\u00bb custom_padding_tablet=\u00bb20em||||false|false\u00bb custom_padding_phone=\u00bb24em||||false|false\u00bb custom_padding_last_edited=\u00bbon|desktop\u00bb header_font_tablet=\u00bbPoppins|700|||||||\u00bb header_font_phone=\u00bbPoppins|700|||||||\u00bb header_font_last_edited=\u00bbon|tablet\u00bb header_font_size_tablet=\u00bb32px\u00bb header_font_size_phone=\u00bb29px\u00bb header_font_size_last_edited=\u00bbon|desktop\u00bb header_text_shadow_style=\u00bbpreset3&#8243; header_text_shadow_color=\u00bbrgba(0,0,0,0.8)\u00bb border_color_bottom=\u00bb#CE4F18&#8243; locked=\u00bboff\u00bb global_colors_info=\u00bb{}\u00bb header_font_size__hover_enabled=\u00bboff|desktop\u00bb header_font_size__hover=\u00bb50px\u00bb width__hover_enabled=\u00bbon|desktop\u00bb max_width__hover_enabled=\u00bbon|hover\u00bb max_width__hover=\u00bb100%\u00bb]<\/p>\n<h1 style=\"text-align: center;\"><strong>Si la silla de ruedas no es el\u00e9ctrica, hag\u00e1mosla el\u00e9ctrica<\/strong><\/h1>\n<p>[\/et_pb_text][\/et_pb_column][\/et_pb_row][\/et_pb_section][et_pb_section fb_built=\u00bb1&#8243; _builder_version=\u00bb4.16&#8243; _module_preset=\u00bbdefault\u00bb global_colors_info=\u00bb{}\u00bb][et_pb_row column_structure=\u00bb1_2,1_2&#8243; _builder_version=\u00bb4.17.3&#8243; _module_preset=\u00bbdefault\u00bb custom_margin=\u00bb||||false|false\u00bb global_colors_info=\u00bb{}\u00bb][et_pb_column type=\u00bb1_2&#8243; _builder_version=\u00bb4.16&#8243; _module_preset=\u00bbdefault\u00bb global_colors_info=\u00bb{}\u00bb][et_pb_text _builder_version=\u00bb4.17.3&#8243; _module_preset=\u00bbdefault\u00bb text_font=\u00bbAlmarai|800|||||||\u00bb text_text_color=\u00bb#D1522A\u00bb text_font_size=\u00bb25px\u00bb header_text_color=\u00bb#D1522A\u00bb header_3_font=\u00bbPoppins||||||||\u00bb header_3_text_align=\u00bbcenter\u00bb header_3_text_color=\u00bb#D1522A\u00bb header_3_font_size=\u00bb21px\u00bb header_3_line_height=\u00bb1.2em\u00bb custom_margin=\u00bb0em||||false|false\u00bb custom_padding=\u00bb0.5em||||false|false\u00bb global_colors_info=\u00bb{}\u00bb]<\/p>\n<h3 style=\"text-align: justify;\">Un proyecto desarrollado por la Universidad UNAB permite adaptar este tipo de veh\u00edculo para mejorar la movilidad de personas con discapacidad. Ingenier\u00eda que aporta a la inclusi\u00f3n social.<\/h3>\n<p>[\/et_pb_text][\/et_pb_column][et_pb_column type=\u00bb1_2&#8243; _builder_version=\u00bb4.17.3&#8243; _module_preset=\u00bbdefault\u00bb global_colors_info=\u00bb{}\u00bb][et_pb_testimonial portrait_url=\u00bbhttps:\/\/unab.edu.co\/cienciaabierta\/wp-content\/uploads\/2023\/06\/nicolas-jimenez.jpg\u00bb quote_icon=\u00bboff\u00bb _builder_version=\u00bb4.17.3&#8243; _module_preset=\u00bbdefault\u00bb body_font=\u00bbPoppins||||||||\u00bb border_radii=\u00bbon|7px|7px|7px|7px\u00bb box_shadow_style=\u00bbpreset1&#8243; locked=\u00bboff\u00bb global_colors_info=\u00bb{}\u00bb]<\/p>\n<h4 bis_size=\"{&quot;x&quot;:10,&quot;y&quot;:21,&quot;w&quot;:309,&quot;h&quot;:24,&quot;abs_x&quot;:300,&quot;abs_y&quot;:654}\"><span style=\"color: #000000;\"><strong bis_size=\"{&quot;x&quot;:10,&quot;y&quot;:23,&quot;w&quot;:200,&quot;h&quot;:17,&quot;abs_x&quot;:300,&quot;abs_y&quot;:656}\">Por Nicol\u00e1s Jim\u00e9nez Blanco<\/strong><\/span><\/h4>\n<p bis_size=\"{&quot;x&quot;:10,&quot;y&quot;:66,&quot;w&quot;:309,&quot;h&quot;:96,&quot;abs_x&quot;:300,&quot;abs_y&quot;:699}\" style=\"text-align: justify;\"><span>Exredactor en Vanguardia con experiencia en redes sociales. Actualmente Comunicador Social en Universidad Aut\u00f3noma de Bucaramanga.<\/span><\/p>\n<p bis_size=\"{&quot;x&quot;:10,&quot;y&quot;:178,&quot;w&quot;:309,&quot;h&quot;:24,&quot;abs_x&quot;:300,&quot;abs_y&quot;:811}\"><strong><a href=\"mailto:publicaciones@unab.edu.co\">publicaciones@unab.edu.co<\/a><\/strong><\/p>\n<p>[\/et_pb_testimonial][\/et_pb_column][\/et_pb_row][et_pb_row _builder_version=\u00bb4.17.3&#8243; _module_preset=\u00bbdefault\u00bb custom_margin=\u00bb||||false|false\u00bb global_colors_info=\u00bb{}\u00bb][et_pb_column type=\u00bb4_4&#8243; _builder_version=\u00bb4.17.3&#8243; _module_preset=\u00bbdefault\u00bb global_colors_info=\u00bb{}\u00bb][et_pb_text _builder_version=\u00bb4.17.3&#8243; _module_preset=\u00bbdefault\u00bb text_font=\u00bbPoppins|300|||||||\u00bb text_text_color=\u00bb#000000&#8243; text_font_size=\u00bb17px\u00bb custom_margin=\u00bb0.5em||||false|false\u00bb global_colors_info=\u00bb{}\u00bb]<\/p>\n<p style=\"text-align: justify;\">Sergio Andr\u00e9s Ardila G\u00f3mez recuerda que cuando visitaba a Mariela de la Cruz Rueda Pamplona en el barrio San Miguel, mientras ella ve\u00eda televisi\u00f3n, \u00e9l y sus hermanos aprovechaban para jugar con la silla de ruedas. \u201cMi abuela perdi\u00f3 sus extremidades inferiores, y solo con el tiempo fuimos creciendo y descubrimos que aunque para nosotros era un juego, para ella era su vida porque con ese medio se movilizaba\u201d, cuenta \u00e9l casi 24 a\u00f1os despu\u00e9s.<\/p>\n<p style=\"text-align: justify;\">Seg\u00fan el informe Panorama general de la discapacidad en Colombia, del Departamento Administrativo Nacional de Estad\u00edstica (DANE), en el pa\u00eds hay un total, a diciembre de 2022, de 3.134.037 personas con dificultades para realizar actividades b\u00e1sicas diarias, de las cuales 1.784.372 afirmaron presentar complicaciones en los niveles de severidad m\u00e1s altos. De este grupo, el 5 % (156.701) viven en Santander, siendo el octavo departamento con m\u00e1s poblaci\u00f3n con discapacidad.\u00a0<\/p>\n<p style=\"text-align: justify;\">Sergio Andr\u00e9s estudi\u00f3 en el Instituto Tecnol\u00f3gico Salesiano Eloy Valenzuela donde aprendi\u00f3 a dise\u00f1ar engranajes, tornear, fresar y soldar, lo que lo llev\u00f3 a estudiar Ingenier\u00eda Mec\u00e1nica en la Universidad Industrial de Santander (UIS). Con su alma de investigador decidi\u00f3 hacer su maestr\u00eda en Ingenier\u00eda Mec\u00e1nica en la Universidad de Los Andes y en 2017 lleg\u00f3 a la Universidad UNAB donde tom\u00f3 la decisi\u00f3n de hacer algo para mejorar la calidad de vida de esta comunidad que afronta retos similares a los de do\u00f1a Mariela. Desde el programa de Ingenier\u00eda Mecatr\u00f3nica de la UNAB trabaja en un proyecto llamado Handbike electromec\u00e1nico acoplable para silla de ruedas convencionales.<\/p>\n<p>[\/et_pb_text][et_pb_image src=\u00bbhttps:\/\/unab.edu.co\/cienciaabierta\/wp-content\/uploads\/2024\/06\/silla-ruedas-electrica-2.jpg\u00bb title_text=\u00bbsilla-ruedas-electrica-2&#8243; align=\u00bbcenter\u00bb _builder_version=\u00bb4.17.3&#8243; _module_preset=\u00bbdefault\u00bb custom_padding=\u00bb||0.3em||false|false\u00bb box_shadow_style=\u00bbpreset2&#8243; global_colors_info=\u00bb{}\u00bb][\/et_pb_image][et_pb_text _builder_version=\u00bb4.17.3&#8243; _module_preset=\u00bbdefault\u00bb text_font=\u00bb||on||||||\u00bb text_line_height=\u00bb1.3em\u00bb transform_translate=\u00bb0px|-20px\u00bb text_orientation=\u00bbcenter\u00bb locked=\u00bboff\u00bb global_colors_info=\u00bb{}\u00bb]<\/p>\n<p bis_size=\"{&quot;x&quot;:10,&quot;y&quot;:15,&quot;w&quot;:309,&quot;h&quot;:72,&quot;abs_x&quot;:303,&quot;abs_y&quot;:415}\" style=\"text-align: center;\"><span style=\"font-weight: 400; color: #000000;\"><span style=\"font-weight: 400;\">El profesor Sergio Andr\u00e9s Ardila G\u00f3mez es tambi\u00e9n estudiante del Doctorado en Ingenier\u00eda de la UNAB.<\/span> \/ Foto Erika D\u00edaz Rangel<\/span><\/p>\n<p>[\/et_pb_text][et_pb_text _builder_version=\u00bb4.17.3&#8243; _module_preset=\u00bbdefault\u00bb text_font=\u00bbPoppins|300|||||||\u00bb text_text_color=\u00bb#000000&#8243; text_font_size=\u00bb17px\u00bb custom_margin=\u00bb0.5em||||false|false\u00bb global_colors_info=\u00bb{}\u00bb]<\/p>\n<p style=\"text-align: justify;\">\u201cEste es un dispositivo que permite un acople r\u00e1pido hacia las sillas de ruedas comerciales o convencionales manuales, lo que las convierte en \u2018sillas de ruedas el\u00e9ctricas\u2019, permitiendo as\u00ed una mejor movilidad para que los usuarios puedan recorrer la distancia que necesiten. Sabemos que la topograf\u00eda de la ciudad es bastante inclinada y entonces es una de las cosas por lo cual surge este proyecto, ayudar a mejorar la movilidad de la gente con discapacidad\u201d, cuenta el profesor.<\/p>\n<p style=\"text-align: justify;\">El objetivo de este proyecto fue desarrollar un prototipo que tuviera control de velocidad y un sistema de amortiguamiento para un acople r\u00e1pido a sillas de ruedas usuales. Dicho dispositivo tuvo que ser evaluado para tener una autonom\u00eda de 5 a 7 kil\u00f3metros con una duraci\u00f3n de la bater\u00eda de dos horas y una potencia suficiente para subir pendientes de 12 grados, caracter\u00edsticas suficientes para hacer una ruta de Cabecera &#8211; Ca\u00f1averal &#8211; Cabecera.<\/p>\n<p style=\"text-align: justify;\">El prototipo fue el resultado de un trabajo de investigaci\u00f3n de los exalumnos \u00c1lvaro Javier Romero Herrera y C\u00e9sar Ferney Pinto Calder\u00f3n del programa de Ingenier\u00eda Mecatr\u00f3nica, bajo la tutela del profesor.\u00a0<\/p>\n<p>[\/et_pb_text][et_pb_image src=\u00bbhttps:\/\/unab.edu.co\/cienciaabierta\/wp-content\/uploads\/2024\/06\/silla-ruedas-electrica-3.jpg\u00bb title_text=\u00bbsilla-ruedas-electrica-3&#8243; align=\u00bbcenter\u00bb _builder_version=\u00bb4.17.3&#8243; _module_preset=\u00bbdefault\u00bb custom_padding=\u00bb||0.3em||false|false\u00bb box_shadow_style=\u00bbpreset2&#8243; global_colors_info=\u00bb{}\u00bb][\/et_pb_image][et_pb_text _builder_version=\u00bb4.17.3&#8243; _module_preset=\u00bbdefault\u00bb text_font=\u00bb||on||||||\u00bb text_line_height=\u00bb1.3em\u00bb transform_translate=\u00bb0px|-20px\u00bb text_orientation=\u00bbcenter\u00bb locked=\u00bboff\u00bb global_colors_info=\u00bb{}\u00bb]<\/p>\n<p bis_size=\"{&quot;x&quot;:10,&quot;y&quot;:15,&quot;w&quot;:309,&quot;h&quot;:72,&quot;abs_x&quot;:303,&quot;abs_y&quot;:415}\" style=\"text-align: center;\"><span style=\"font-weight: 400; color: #000000;\"><span style=\"font-weight: 400;\">Sergio Andr\u00e9s Ardila G\u00f3mez, creador del dispositivo, y Daniel Andr\u00e9s Vargas Rivera, colaborador de la investigaci\u00f3n.<\/span> \/ Foto Erika D\u00edaz Rangel<\/span><\/p>\n<p>[\/et_pb_text][et_pb_text _builder_version=\u00bb4.17.3&#8243; _module_preset=\u00bbdefault\u00bb text_font=\u00bbPoppins|300|||||||\u00bb text_text_color=\u00bb#000000&#8243; text_font_size=\u00bb17px\u00bb custom_margin=\u00bb0.5em||||false|false\u00bb global_colors_info=\u00bb{}\u00bb]<\/p>\n<p style=\"text-align: justify;\">\u201cDesde el punto de vista econ\u00f3mico es la posibilidad de tener una silla de ruedas el\u00e9ctrica m\u00e1s econ\u00f3mica y asequible, mejorar la inclusi\u00f3n social y la generaci\u00f3n de conciencia social al incluir m\u00e1s a las personas con discapacidad con estas diversas tecnolog\u00edas. Para que este proyecto tenga un \u00e9xito total no solo es crear dispositivos, sino convertir una ciudad incluyente con v\u00edas alternas para que ellos se puedan movilizar\u201d, se\u00f1al\u00f3 sobre su aporte tecnol\u00f3gico.<\/p>\n<p style=\"text-align: justify;\">\u201cPor el momento solo tenemos un dispositivo que est\u00e1 en fase de patente o de art\u00edculo. No podemos avanzar lo suficiente porque debemos esperar y luego buscar alianzas para realizar m\u00e1s dispositivos, su financiaci\u00f3n y posteriormente su venta. Es un trabajo largo\u201d, finaliza.<\/p>\n<p>[\/et_pb_text][et_pb_video src=\u00bbhttps:\/\/youtu.be\/40LK3bNHd8U?si=KZUOKXGH7TtXS391&#8243; _builder_version=\u00bb4.17.3&#8243; _module_preset=\u00bbdefault\u00bb border_radii=\u00bbon|7px|7px|7px|7px\u00bb box_shadow_style=\u00bbpreset2&#8243; global_colors_info=\u00bb{}\u00bb][\/et_pb_video][\/et_pb_column][\/et_pb_row][\/et_pb_section][et_pb_section fb_built=\u00bb1&#8243; _builder_version=\u00bb4.17.3&#8243; _module_preset=\u00bbdefault\u00bb background_color=\u00bb#CE4F18&#8243; background_enable_pattern_style=\u00bbon\u00bb background_pattern_style=\u00bbhoneycomb\u00bb background_pattern_color=\u00bbRGBA(255,255,255,0)\u00bb global_module=\u00bb882&#8243; global_colors_info=\u00bb{}\u00bb][et_pb_row _builder_version=\u00bb4.17.3&#8243; _module_preset=\u00bbdefault\u00bb custom_margin=\u00bb||||false|false\u00bb custom_padding=\u00bb||||false|false\u00bb locked=\u00bboff\u00bb global_colors_info=\u00bb{}\u00bb][et_pb_column type=\u00bb4_4&#8243; _builder_version=\u00bb4.16&#8243; _module_preset=\u00bbdefault\u00bb global_colors_info=\u00bb{}\u00bb][et_pb_text _builder_version=\u00bb4.17.3&#8243; _module_preset=\u00bbdefault\u00bb text_font=\u00bbAlmarai|700|||||||\u00bb text_text_color=\u00bb#D1522A\u00bb text_font_size=\u00bb13px\u00bb header_font=\u00bbPoppins|800|||||||\u00bb header_text_color=\u00bb#FFFFFF\u00bb header_line_height=\u00bb1.1em\u00bb header_3_font=\u00bbPoppins|800|||||||\u00bb header_3_text_align=\u00bbcenter\u00bb header_3_text_color=\u00bb#D1522A\u00bb header_3_font_size=\u00bb25px\u00bb header_3_line_height=\u00bb1.2em\u00bb custom_margin=\u00bb1em||1em||true|false\u00bb border_color_bottom=\u00bb#CE4F18&#8243; global_colors_info=\u00bb{}\u00bb]<\/p>\n<h1 style=\"text-align: justify;\"><b>M\u00e1s art\u00edculos de esta edici\u00f3n<\/b><\/h1>\n<p>[\/et_pb_text][et_pb_divider color=\u00bb#FFFFFF\u00bb divider_weight=\u00bb4px\u00bb _builder_version=\u00bb4.17.3&#8243; _module_preset=\u00bbdefault\u00bb width=\u00bb20%\u00bb max_width=\u00bb100%\u00bb module_alignment=\u00bbleft\u00bb custom_margin=\u00bb||||false|false\u00bb custom_padding=\u00bb||||false|false\u00bb global_colors_info=\u00bb{}\u00bb][\/et_pb_divider][\/et_pb_column][\/et_pb_row][et_pb_row _builder_version=\u00bb4.17.3&#8243; _module_preset=\u00bbdefault\u00bb custom_padding=\u00bb||3em||false|false\u00bb global_colors_info=\u00bb{}\u00bb][et_pb_column type=\u00bb4_4&#8243; _builder_version=\u00bb4.17.3&#8243; _module_preset=\u00bbdefault\u00bb global_colors_info=\u00bb{}\u00bb][et_pb_blog fullwidth=\u00bboff\u00bb posts_number=\u00bb6&#8243; include_categories=\u00bb13&#8243; excerpt_length=\u00bb200&#8243; show_more=\u00bbon\u00bb show_author=\u00bboff\u00bb show_date=\u00bboff\u00bb show_categories=\u00bboff\u00bb _builder_version=\u00bb4.17.3&#8243; _module_preset=\u00bbdefault\u00bb header_font=\u00bbPoppins|600|||||||\u00bb header_text_color=\u00bb#CE4F18&#8243; header_line_height=\u00bb1.2em\u00bb body_text_align=\u00bbjustify\u00bb body_text_color=\u00bb#000000&#8243; read_more_text_color=\u00bb#CE4F18&#8243; pagination_font=\u00bb|600|||||||\u00bb pagination_text_color=\u00bb#FFFFFF\u00bb box_shadow_style=\u00bbpreset2&#8243; global_colors_info=\u00bb{}\u00bb][\/et_pb_blog][\/et_pb_column][\/et_pb_row][et_pb_row _builder_version=\u00bb4.17.3&#8243; _module_preset=\u00bbdefault\u00bb custom_margin=\u00bb||||false|false\u00bb custom_padding=\u00bb||||false|false\u00bb locked=\u00bboff\u00bb global_colors_info=\u00bb{}\u00bb][et_pb_column type=\u00bb4_4&#8243; _builder_version=\u00bb4.16&#8243; _module_preset=\u00bbdefault\u00bb global_colors_info=\u00bb{}\u00bb][et_pb_text _builder_version=\u00bb4.17.3&#8243; _module_preset=\u00bbdefault\u00bb text_font=\u00bbAlmarai|700|||||||\u00bb text_text_color=\u00bb#D1522A\u00bb text_font_size=\u00bb13px\u00bb header_font=\u00bbPoppins|800|||||||\u00bb header_text_color=\u00bb#FFFFFF\u00bb header_line_height=\u00bb1.1em\u00bb header_3_font=\u00bbPoppins|800|||||||\u00bb header_3_text_align=\u00bbcenter\u00bb header_3_text_color=\u00bb#D1522A\u00bb header_3_font_size=\u00bb25px\u00bb header_3_line_height=\u00bb1.2em\u00bb custom_margin=\u00bb1em||1em||true|false\u00bb border_color_bottom=\u00bb#CE4F18&#8243; global_colors_info=\u00bb{}\u00bb]<\/p>\n<h1 style=\"text-align: justify;\"><b>Art\u00edculos de otras ediciones<\/b><\/h1>\n<p>[\/et_pb_text][et_pb_divider color=\u00bb#FFFFFF\u00bb divider_weight=\u00bb4px\u00bb _builder_version=\u00bb4.17.3&#8243; _module_preset=\u00bbdefault\u00bb width=\u00bb20%\u00bb max_width=\u00bb100%\u00bb module_alignment=\u00bbleft\u00bb custom_margin=\u00bb||||false|false\u00bb custom_padding=\u00bb||||false|false\u00bb global_colors_info=\u00bb{}\u00bb][\/et_pb_divider][\/et_pb_column][\/et_pb_row][et_pb_row _builder_version=\u00bb4.17.3&#8243; _module_preset=\u00bbdefault\u00bb custom_padding=\u00bb||3em||false|false\u00bb global_colors_info=\u00bb{}\u00bb][et_pb_column type=\u00bb4_4&#8243; _builder_version=\u00bb4.17.3&#8243; _module_preset=\u00bbdefault\u00bb global_colors_info=\u00bb{}\u00bb][et_pb_blog fullwidth=\u00bboff\u00bb posts_number=\u00bb6&#8243; include_categories=\u00bb4,5,6,7,11,12&#8243; excerpt_length=\u00bb200&#8243; show_more=\u00bbon\u00bb show_author=\u00bboff\u00bb show_date=\u00bboff\u00bb show_categories=\u00bboff\u00bb _builder_version=\u00bb4.17.3&#8243; _module_preset=\u00bbdefault\u00bb header_font=\u00bbPoppins|600|||||||\u00bb header_text_color=\u00bb#CE4F18&#8243; header_line_height=\u00bb1.2em\u00bb body_text_align=\u00bbjustify\u00bb body_text_color=\u00bb#000000&#8243; read_more_text_color=\u00bb#CE4F18&#8243; pagination_font=\u00bb|600|||||||\u00bb pagination_text_color=\u00bb#FFFFFF\u00bb box_shadow_style=\u00bbpreset2&#8243; global_colors_info=\u00bb{}\u00bb][\/et_pb_blog][\/et_pb_column][\/et_pb_row][\/et_pb_section]<\/p>\n","protected":false},"excerpt":{"rendered":"<p>Si la silla de ruedas no es el\u00e9ctrica, hag\u00e1mosla el\u00e9ctricaUn proyecto desarrollado por la Universidad UNAB permite adaptar este tipo de veh\u00edculo para mejorar la movilidad de personas con discapacidad. Ingenier\u00eda que aporta a la inclusi\u00f3n social.Por Nicol\u00e1s Jim\u00e9nez Blanco Exredactor en Vanguardia con experiencia en redes sociales. Actualmente Comunicador Social en Universidad Aut\u00f3noma de [&hellip;]<\/p>\n","protected":false},"author":2,"featured_media":1451,"comment_status":"open","ping_status":"open","sticky":false,"template":"","format":"standard","meta":{"_et_pb_use_builder":"on","_et_pb_old_content":"","_et_gb_content_width":"2880","footnotes":""},"categories":[13],"tags":[],"class_list":["post-1493","post","type-post","status-publish","format-standard","has-post-thumbnail","hentry","category-edicion-7"],"_links":{"self":[{"href":"https:\/\/unab.edu.co\/cienciaabierta\/wp-json\/wp\/v2\/posts\/1493","targetHints":{"allow":["GET"]}}],"collection":[{"href":"https:\/\/unab.edu.co\/cienciaabierta\/wp-json\/wp\/v2\/posts"}],"about":[{"href":"https:\/\/unab.edu.co\/cienciaabierta\/wp-json\/wp\/v2\/types\/post"}],"author":[{"embeddable":true,"href":"https:\/\/unab.edu.co\/cienciaabierta\/wp-json\/wp\/v2\/users\/2"}],"replies":[{"embeddable":true,"href":"https:\/\/unab.edu.co\/cienciaabierta\/wp-json\/wp\/v2\/comments?post=1493"}],"version-history":[{"count":9,"href":"https:\/\/unab.edu.co\/cienciaabierta\/wp-json\/wp\/v2\/posts\/1493\/revisions"}],"predecessor-version":[{"id":1578,"href":"https:\/\/unab.edu.co\/cienciaabierta\/wp-json\/wp\/v2\/posts\/1493\/revisions\/1578"}],"wp:featuredmedia":[{"embeddable":true,"href":"https:\/\/unab.edu.co\/cienciaabierta\/wp-json\/wp\/v2\/media\/1451"}],"wp:attachment":[{"href":"https:\/\/unab.edu.co\/cienciaabierta\/wp-json\/wp\/v2\/media?parent=1493"}],"wp:term":[{"taxonomy":"category","embeddable":true,"href":"https:\/\/unab.edu.co\/cienciaabierta\/wp-json\/wp\/v2\/categories?post=1493"},{"taxonomy":"post_tag","embeddable":true,"href":"https:\/\/unab.edu.co\/cienciaabierta\/wp-json\/wp\/v2\/tags?post=1493"}],"curies":[{"name":"wp","href":"https:\/\/api.w.org\/{rel}","templated":true}]}}