{"id":1637,"date":"2024-12-11T17:13:47","date_gmt":"2024-12-11T22:13:47","guid":{"rendered":"https:\/\/unab.edu.co\/cienciaabierta\/?p=1637"},"modified":"2024-12-17T11:08:31","modified_gmt":"2024-12-17T16:08:31","slug":"pedro-romero-de-la-malaria-al-cancer-en-cuatro-actos","status":"publish","type":"post","link":"https:\/\/unab.edu.co\/cienciaabierta\/pedro-romero-de-la-malaria-al-cancer-en-cuatro-actos\/","title":{"rendered":"Pedro Romero: de la malaria al c\u00e1ncer en cuatro actos"},"content":{"rendered":"<p>[et_pb_section fb_built=\u00bb1&#8243; custom_padding_last_edited=\u00bbon|desktop\u00bb _builder_version=\u00bb4.27.2&#8243; _module_preset=\u00bbdefault\u00bb background_color=\u00bb#D6D6D6&#8243; background_image=\u00bbhttps:\/\/unab.edu.co\/cienciaabierta\/wp-content\/uploads\/2024\/12\/pedro-romero-1.jpg\u00bb background_blend=\u00bbmultiply\u00bb width=\u00bb100%\u00bb max_width=\u00bb100%\u00bb min_height=\u00bb840px\u00bb min_height_tablet=\u00bb510px\u00bb min_height_phone=\u00bb500px\u00bb min_height_last_edited=\u00bbon|tablet\u00bb height=\u00bb1000px\u00bb max_height=\u00bb510px\u00bb custom_margin=\u00bb||||false|false\u00bb custom_margin_tablet=\u00bb||||false|false\u00bb custom_margin_phone=\u00bb||||false|false\u00bb custom_margin_last_edited=\u00bbon|desktop\u00bb custom_padding=\u00bb54px|0px|||false|false\u00bb custom_padding_tablet=\u00bb54px|0px|||false|false\u00bb custom_padding_phone=\u00bb54px|0px|||false|false\u00bb background_last_edited=\u00bbon|desktop\u00bb background_image_phone=\u00bbhttps:\/\/unab.edu.co\/cienciaabierta\/wp-content\/uploads\/2024\/12\/pedro-romero-1.jpg\u00bb background_enable_image_phone=\u00bbon\u00bb box_shadow_style=\u00bbpreset2&#8243; locked=\u00bboff\u00bb global_colors_info=\u00bb{}\u00bb][et_pb_row _builder_version=\u00bb4.20.4&#8243; _module_preset=\u00bbdefault\u00bb global_colors_info=\u00bb{}\u00bb][et_pb_column type=\u00bb4_4&#8243; _builder_version=\u00bb4.16&#8243; _module_preset=\u00bbdefault\u00bb global_colors_info=\u00bb{}\u00bb][et_pb_text _builder_version=\u00bb4.27.2&#8243; _module_preset=\u00bbdefault\u00bb header_font=\u00bbPoppins|700|||||||\u00bb header_text_color=\u00bb#FFFFFF\u00bb header_font_size=\u00bb54px\u00bb header_line_height=\u00bb1.1em\u00bb max_width=\u00bb100%\u00bb module_alignment=\u00bbcenter\u00bb custom_margin=\u00bb||0.5em||false|false\u00bb custom_padding=\u00bb37em||0.5em||false|false\u00bb custom_padding_tablet=\u00bb20em||||false|false\u00bb custom_padding_phone=\u00bb18em||||false|false\u00bb custom_padding_last_edited=\u00bbon|desktop\u00bb hover_enabled=\u00bb0&#8243; header_font_tablet=\u00bbPoppins|700|||||||\u00bb header_font_phone=\u00bbPoppins|700|||||||\u00bb header_font_last_edited=\u00bbon|tablet\u00bb header_font_size_tablet=\u00bb32px\u00bb header_font_size_phone=\u00bb29px\u00bb header_font_size_last_edited=\u00bbon|desktop\u00bb header_text_shadow_style=\u00bbpreset3&#8243; header_text_shadow_color=\u00bbrgba(0,0,0,0.8)\u00bb border_color_bottom=\u00bb#CE4F18&#8243; locked=\u00bboff\u00bb global_colors_info=\u00bb{}\u00bb header_font_size__hover_enabled=\u00bboff|desktop\u00bb header_font_size__hover=\u00bb50px\u00bb width__hover_enabled=\u00bbon|desktop\u00bb max_width__hover_enabled=\u00bbon|hover\u00bb max_width__hover=\u00bb100%\u00bb sticky_enabled=\u00bb0&#8243;]<\/p>\n<h1 style=\"text-align: center;\"><b>Pedro Romero: de la malaria al c\u00e1ncer en cuatro actos<\/b><\/h1>\n<p>[\/et_pb_text][\/et_pb_column][\/et_pb_row][\/et_pb_section][et_pb_section fb_built=\u00bb1&#8243; _builder_version=\u00bb4.16&#8243; _module_preset=\u00bbdefault\u00bb locked=\u00bboff\u00bb global_colors_info=\u00bb{}\u00bb][et_pb_row _builder_version=\u00bb4.27.2&#8243; _module_preset=\u00bbdefault\u00bb custom_margin=\u00bb||||false|false\u00bb custom_padding=\u00bb0em||0em||true|false\u00bb locked=\u00bboff\u00bb global_colors_info=\u00bb{}\u00bb][et_pb_column type=\u00bb4_4&#8243; _builder_version=\u00bb4.27.2&#8243; _module_preset=\u00bbdefault\u00bb global_colors_info=\u00bb{}\u00bb][et_pb_button button_url=\u00bb@ET-DC@eyJkeW5hbWljIjp0cnVlLCJjb250ZW50IjoicG9zdF9saW5rX3VybF9wYWdlIiwic2V0dGluZ3MiOnsicG9zdF9pZCI6IjE1OTcifX0=@\u00bb button_text=\u00bbVolver a la Edici\u00f3n 8&#8243; button_alignment=\u00bbleft\u00bb _builder_version=\u00bb4.27.2&#8243; _dynamic_attributes=\u00bbbutton_url\u00bb _module_preset=\u00bbdefault\u00bb custom_button=\u00bbon\u00bb button_text_color=\u00bb#CE4F18&#8243; button_bg_color=\u00bbRGBA(255,255,255,0)\u00bb button_border_color=\u00bbRGBA(255,255,255,0)\u00bb button_font=\u00bbPoppins|700|||||||\u00bb button_icon=\u00bb&#x38;||divi||400&#8243; button_icon_placement=\u00bbleft\u00bb button_on_hover=\u00bboff\u00bb global_colors_info=\u00bb{}\u00bb][\/et_pb_button][\/et_pb_column][\/et_pb_row][et_pb_row column_structure=\u00bb1_2,1_2&#8243; _builder_version=\u00bb4.17.3&#8243; _module_preset=\u00bbdefault\u00bb custom_margin=\u00bb||||false|false\u00bb global_colors_info=\u00bb{}\u00bb][et_pb_column type=\u00bb1_2&#8243; _builder_version=\u00bb4.16&#8243; _module_preset=\u00bbdefault\u00bb global_colors_info=\u00bb{}\u00bb][et_pb_text _builder_version=\u00bb4.27.2&#8243; _module_preset=\u00bbdefault\u00bb text_font=\u00bbAlmarai|800|||||||\u00bb text_text_color=\u00bb#D1522A\u00bb text_font_size=\u00bb25px\u00bb header_text_color=\u00bb#D1522A\u00bb header_3_font=\u00bbPoppins||||||||\u00bb header_3_text_align=\u00bbcenter\u00bb header_3_text_color=\u00bb#D1522A\u00bb header_3_font_size=\u00bb21px\u00bb header_3_line_height=\u00bb1.2em\u00bb custom_margin=\u00bb0em||||false|false\u00bb custom_padding=\u00bb0.5em||||false|false\u00bb global_colors_info=\u00bb{}\u00bb]<\/p>\n<h3 style=\"text-align: justify;\">El investigador colombiano que hace 40 a\u00f1os se involucr\u00f3 en el desarrollo de vacunas contra el par\u00e1sito Plasmodium hoy hace parte de la \u00e9lite de investigadores que desarrollaron terapias inmunol\u00f3gicas contra tumores.<\/h3>\n<p>[\/et_pb_text][\/et_pb_column][et_pb_column type=\u00bb1_2&#8243; _builder_version=\u00bb4.17.3&#8243; _module_preset=\u00bbdefault\u00bb global_colors_info=\u00bb{}\u00bb][et_pb_testimonial portrait_url=\u00bbhttps:\/\/unab.edu.co\/cienciaabierta\/wp-content\/uploads\/2021\/12\/Pablo-Correa.jpeg\u00bb quote_icon=\u00bboff\u00bb _builder_version=\u00bb4.17.3&#8243; _module_preset=\u00bbdefault\u00bb body_font=\u00bbPoppins||||||||\u00bb border_radii=\u00bbon|7px|7px|7px|7px\u00bb box_shadow_style=\u00bbpreset1&#8243; locked=\u00bboff\u00bb global_colors_info=\u00bb{}\u00bb]<\/p>\n<h4 bis_size=\"{&quot;x&quot;:10,&quot;y&quot;:21,&quot;w&quot;:309,&quot;h&quot;:24,&quot;abs_x&quot;:300,&quot;abs_y&quot;:654}\"><span style=\"color: #000000;\"><strong bis_size=\"{&quot;x&quot;:10,&quot;y&quot;:23,&quot;w&quot;:200,&quot;h&quot;:17,&quot;abs_x&quot;:300,&quot;abs_y&quot;:656}\">Por Pablo Correa Torres<\/strong><\/span><\/h4>\n<p bis_size=\"{&quot;x&quot;:10,&quot;y&quot;:66,&quot;w&quot;:309,&quot;h&quot;:96,&quot;abs_x&quot;:300,&quot;abs_y&quot;:699}\"><span bis_size=\"{&quot;x&quot;:10,&quot;y&quot;:68,&quot;w&quot;:292,&quot;h&quot;:89,&quot;abs_x&quot;:300,&quot;abs_y&quot;:701}\">Exeditor ambiente, salud y ciencia del peri\u00f3dico El Espectador (2010-2021). Knight Science Journalism Fellow at MIT (2012-2013).<\/span><\/p>\n<p bis_size=\"{&quot;x&quot;:10,&quot;y&quot;:178,&quot;w&quot;:309,&quot;h&quot;:24,&quot;abs_x&quot;:300,&quot;abs_y&quot;:811}\"><a href=\"https:\/\/twitter.com\/pcorrea78\" target=\"_blank\" rel=\"noopener\" bis_size=\"{&quot;x&quot;:10,&quot;y&quot;:180,&quot;w&quot;:86,&quot;h&quot;:17,&quot;abs_x&quot;:300,&quot;abs_y&quot;:813}\"><span bis_size=\"{&quot;x&quot;:10,&quot;y&quot;:180,&quot;w&quot;:86,&quot;h&quot;:17,&quot;abs_x&quot;:300,&quot;abs_y&quot;:813}\"><strong>@pcorrea78<\/strong><\/span><\/a><\/p>\n<p>[\/et_pb_testimonial][\/et_pb_column][\/et_pb_row][et_pb_row _builder_version=\u00bb4.17.3&#8243; _module_preset=\u00bbdefault\u00bb custom_margin=\u00bb||||false|false\u00bb global_colors_info=\u00bb{}\u00bb][et_pb_column type=\u00bb4_4&#8243; _builder_version=\u00bb4.17.3&#8243; _module_preset=\u00bbdefault\u00bb global_colors_info=\u00bb{}\u00bb][et_pb_image src=\u00bbhttps:\/\/unab.edu.co\/cienciaabierta\/wp-content\/uploads\/2024\/12\/pedro-romero-1.jpg\u00bb title_text=\u00bbpedro-romero-1&#8243; align=\u00bbcenter\u00bb _builder_version=\u00bb4.27.2&#8243; _module_preset=\u00bbdefault\u00bb custom_padding=\u00bb||0.3em||false|false\u00bb box_shadow_style=\u00bbpreset2&#8243; global_colors_info=\u00bb{}\u00bb][\/et_pb_image][et_pb_text _builder_version=\u00bb4.27.2&#8243; _module_preset=\u00bbdefault\u00bb text_font=\u00bb||on||||||\u00bb text_line_height=\u00bb1.3em\u00bb transform_translate=\u00bb0px|-20px\u00bb text_orientation=\u00bbcenter\u00bb locked=\u00bboff\u00bb global_colors_info=\u00bb{}\u00bb]<\/p>\n<p bis_size=\"{&quot;x&quot;:10,&quot;y&quot;:15,&quot;w&quot;:309,&quot;h&quot;:72,&quot;abs_x&quot;:303,&quot;abs_y&quot;:415}\" style=\"text-align: center;\"><span style=\"color: #000000;\">Pedro Romero estudi\u00f3 medicina en la Universidad Nacional de Colombia. Trabaja actualmente en el Instituto Ludwig de Investigaci\u00f3n sobre el C\u00e1ncer, en Suiza.<\/span> <span style=\"font-weight: 400; color: #000000;\">\/ Foto suministrada<\/span><\/p>\n<p>[\/et_pb_text][et_pb_text _builder_version=\u00bb4.27.2&#8243; _module_preset=\u00bbdefault\u00bb text_font=\u00bbPoppins|300|||||||\u00bb text_text_color=\u00bb#000000&#8243; text_font_size=\u00bb17px\u00bb header_text_color=\u00bb#CE4F18&#8243; header_font_size=\u00bb28px\u00bb custom_margin=\u00bb0.5em||||false|false\u00bb locked=\u00bboff\u00bb global_colors_info=\u00bb{}\u00bb]<\/p>\n<h1><b><br \/>Primer acto: monos con malaria<\/b><\/h1>\n<p style=\"text-align: justify;\">En 1981 Pedro Romero se asom\u00f3, vestido con su bata de estudiante de medicina de \u00faltimo a\u00f1o, por el piso 11 de la Torre Docente, el edificio adjunto al Edificio Central en el Hospital San Juan de Dios. All\u00ed estaba el laboratorio que comandaba Manuel Elkin Patarroyo. La entrevista fue corta y al punto.<\/p>\n<p style=\"text-align: justify;\">&#8211; \u00bfTiene ideas de lo que quiere investigar?, pregunt\u00f3 Patarroyo.<br \/>&#8211; Clonar el receptor T, respondi\u00f3 Romero.<\/p>\n<p style=\"text-align: justify;\">Patarroyo entre sorprendido y esc\u00e9ptico respondi\u00f3:<\/p>\n<p style=\"text-align: justify;\">&#8211; Ya tengo un grupo trabajando en eso, y vamos muy avanzados. \u00bfTiene otras ideas?<br \/>&#8211; Creo que el futuro es la neurobiolog\u00eda. Quiero hacer anticuerpos monoclonales contra neuronas.<\/p>\n<p style=\"text-align: justify;\">Patarroyo respondi\u00f3:<\/p>\n<p style=\"text-align: justify;\">&#8211; Muy bien, se queda. \u00bfPuede empezar ma\u00f1ana?<\/p>\n<p style=\"text-align: justify;\">La idea de trabajar en una vacuna contra la malaria para cambiar la historia de una de las enfermedades m\u00e1s mort\u00edferas de los tr\u00f3picos, la malaria, comenzar\u00eda a configurarse unos meses m\u00e1s tarde tras la visita de un par de investigadoras de la Universidad de Estocolmo, Marita Troye-Blomberg y Hedvig Perlmann, al laboratorio. Cada a\u00f1o en el mundo mor\u00edan m\u00e1s de medio mill\u00f3n de personas por culpa del par\u00e1sito <i>Plasmodium, <\/i>transmitido por picaduras del mosquito<i> Anofeles, <\/i>y el grupo de investigaci\u00f3n en inmunolog\u00eda de la Universidad Nacional comenz\u00f3 a pensar que pod\u00eda asumir un liderazgo en ese campo.<\/p>\n<p style=\"text-align: justify;\">El Edificio Central, o Edificio Cu\u00e9llar Serrano, hab\u00eda sido construido entre 1948 y 1952, y era lo m\u00e1s parecido a una catedral de la medicina colombiana. En esos mismos pasillos se describi\u00f3 el s\u00edndrome de Hakim o hidrocefalia normotensa en los a\u00f1os cincuenta, se lograron avances de la cirug\u00eda cardiovascular, la primera revascularizaci\u00f3n de extremidades, el primer trasplante renal en Colombia de donante cadav\u00e9rico y tambi\u00e9n el primero por donante vivo. Para el primer hijo de una familia campesina de Guateque (Valle de Tenza, Boyac\u00e1) que migr\u00f3 a Bogot\u00e1 en busca de mejores oportunidades, aquella legendaria torre result\u00f3 el lugar ideal para vislumbrar y comenzar a descifrar las estrategias de los ej\u00e9rcitos de c\u00e9lulas que conforman el sistema de defensa humano, el sistema inmunol\u00f3gico.<\/p>\n<p style=\"text-align: justify;\">Hoy, cuarenta a\u00f1os despu\u00e9s, desde su residencia en Suiza, recuerda los viajes a Villavicencio, San Jos\u00e9 del Guaviare y Miraflores, para tomar muestras de personas infectadas con malaria y a Leticia para ayudar a configurar una colonia de casi 200 monos <i>Aotus<\/i> en los que se prob\u00f3 el primer modelo de una vacuna sint\u00e9tica, la Spf66, que no result\u00f3 teniendo el impacto que so\u00f1aban: \u201cEn ese tiempo los resultados ya mostraban lo dif\u00edcil que es obtener grados altos de protecci\u00f3n contra malaria, un hecho que no ha cambiado hoy en d\u00eda, a\u00fan con las vacunas m\u00e1s avanzadas, mejor dise\u00f1adas y m\u00e1s rigurosamente hechas por otros laboratorios\u201d.<\/p>\n<p style=\"text-align: justify;\">[\/et_pb_text][et_pb_image src=\u00bbhttps:\/\/unab.edu.co\/cienciaabierta\/wp-content\/uploads\/2024\/12\/pedro-romero-2.jpg\u00bb title_text=\u00bbpedro-romero-2&#8243; align=\u00bbcenter\u00bb _builder_version=\u00bb4.27.2&#8243; _module_preset=\u00bbdefault\u00bb custom_padding=\u00bb||0.3em||false|false\u00bb box_shadow_style=\u00bbpreset2&#8243; global_colors_info=\u00bb{}\u00bb][\/et_pb_image][et_pb_text _builder_version=\u00bb4.27.2&#8243; _module_preset=\u00bbdefault\u00bb text_font=\u00bb||on||||||\u00bb text_line_height=\u00bb1.3em\u00bb transform_translate=\u00bb0px|-20px\u00bb text_orientation=\u00bbcenter\u00bb locked=\u00bboff\u00bb global_colors_info=\u00bb{}\u00bb]<\/p>\n<p class=\"p1\"><span style=\"color: #000000;\">Romero comenz\u00f3 su carrera como investigador trabajando en inmunidad contra la malaria y ahora se dedica a desarrollar terapias inmunol\u00f3gicas contra el c\u00e1ncer.<\/span><span style=\"font-weight: 400; color: #000000;\"> \/ Foto suministrada<\/span><\/p>\n<p>[\/et_pb_text][et_pb_text _builder_version=\u00bb4.27.2&#8243; _module_preset=\u00bbdefault\u00bb text_font=\u00bbPoppins|300|||||||\u00bb text_text_color=\u00bb#000000&#8243; text_font_size=\u00bb17px\u00bb header_text_color=\u00bb#CE4F18&#8243; header_font_size=\u00bb28px\u00bb custom_margin=\u00bb0.5em||||false|false\u00bb locked=\u00bboff\u00bb global_colors_info=\u00bb{}\u00bb]<\/p>\n<h1><b><br \/>Segundo acto: linfocitos en Nueva York<\/b><\/h1>\n<p style=\"text-align: justify;\">La experiencia con modelos animales para probar vacunas le abri\u00f3 las puertas de su segunda casa cient\u00edfica: el laboratorio de Ruth Sontag Nussenzweig. Nacida en Austria en 1928, Nussenzweig y su familia migraron a Brasil huyendo de los nazis. Tras graduarse en la Universidad de Sao Paulo, trabajar en la enfermedad de Chagas y especializarse en Francia, la investigadora se instal\u00f3 en la Universidad de Nueva York y comenz\u00f3 a ganar notoriedad mundial en los a\u00f1os sesenta al apostar por una estrategia poco convencional para derrotar a la malaria.<\/p>\n<p style=\"text-align: justify;\">Su idea consist\u00eda en irradiar esporozoitos de malaria (una de las etapas de desarrollo del par\u00e1sito) para activar el sistema inmune. Para esto hab\u00eda creado un modelo de pruebas con ratones y una vacuna que funcionaba con una alt\u00edsima eficacia en ellos.<\/p>\n<p style=\"text-align: justify;\">Romero fue reclutado por Nussenzweig y bajo su tutela ayud\u00f3 a tratar de \u201cdescifrar los mecanismos de inmunidad y de protecci\u00f3n contra la malaria en los estadios hep\u00e1ticos\u201d. En los cuatro a\u00f1os que pas\u00f3 en Nueva York el investigador colombiano logr\u00f3 demostrar que el \u00e9xito de esa vacuna contra la malaria en ratones se deb\u00eda a la participaci\u00f3n de una l\u00ednea de c\u00e9lulas del sistema inmunol\u00f3gico conocidas como linfocitos T citot\u00f3xicos.<\/p>\n<p style=\"text-align: justify;\">Estas c\u00e9lulas (llamadas T en alusi\u00f3n al \u00f3rgano inmunitario Timo que es donde son \u201centrenadas\u201d), al detectar a los par\u00e1sitos irradiados alojados en el h\u00edgado, aprend\u00edan a identificarlos a partir de un fragmento presentado en la superficie de la c\u00e9lula hep\u00e1tica infectada. Como un soldado que reconoce una se\u00f1al de su enemigo y al volverlo a ver act\u00faa con m\u00e1s eficacia y prontitud.<\/p>\n<p>[\/et_pb_text][et_pb_text _builder_version=\u00bb4.27.2&#8243; _module_preset=\u00bbdefault\u00bb text_font=\u00bbPoppins|300|||||||\u00bb text_text_color=\u00bb#000000&#8243; text_font_size=\u00bb17px\u00bb header_text_color=\u00bb#CE4F18&#8243; header_font_size=\u00bb28px\u00bb custom_margin=\u00bb0.5em||||false|false\u00bb locked=\u00bboff\u00bb global_colors_info=\u00bb{}\u00bb]<\/p>\n<h1><b><br \/>Tercer acto: Encuentro con el c\u00e1ncer en Suiza<\/b><\/h1>\n<p style=\"text-align: justify;\">La necesidad, y curiosidad, por descifrar el mecanismo exacto de acci\u00f3n de esos poderosos linfocitos T, arrastraron a Romero hacia su tercera casa cient\u00edfica, esta vez en Suiza: la Facultad de Biolog\u00eda y Medicina de la Universidad de Lausana. En los laboratorios de esa facultad, del afiliado Instituto Ludwig de Investigaci\u00f3n sobre el C\u00e1ncer, dirig\u00eda un grupo que intentaba componer una soluci\u00f3n al problema de la especificidad de reconocimiento por los linfocitos T, juntando la evidencia que se ten\u00eda sobre su comportamiento frente a la malaria, con la de infecciones por virus pero tambi\u00e9n ante c\u00e9lulas cancer\u00edgenas.\u00a0<\/p>\n<p style=\"text-align: justify;\">Esos trabajos llevaron a Romero y muchos de sus colegas a creer con m\u00e1s firmeza que s\u00ed era posible manipular el sistema inmunol\u00f3gico y convertirlo en un aliado terap\u00e9utico contra el c\u00e1ncer. En el cambio de siglo, sin embargo, muchos m\u00e9dicos y onc\u00f3logos todav\u00eda se burlaban de los que desde el campo de la inmunolog\u00eda comenzaban a plantear esa posibilidad.<\/p>\n<p style=\"text-align: justify;\">\u201cEl sistema inmune no evolucion\u00f3 para reconocer tumores sino para defendernos de infecciones y los tumores son enfermedades de la avanzada edad y el sistema inmune no tiene nada que ver con eso\u201d, era el tipo de argumento que Romero y muchos de sus colegas escuchaban en congresos y debates.\u00a0<\/p>\n<p style=\"text-align: justify;\">[\/et_pb_text][et_pb_image src=\u00bbhttps:\/\/unab.edu.co\/cienciaabierta\/wp-content\/uploads\/2024\/12\/pedro-romero-3.jpg\u00bb title_text=\u00bbpedro-romero-3&#8243; align=\u00bbcenter\u00bb _builder_version=\u00bb4.27.2&#8243; _module_preset=\u00bbdefault\u00bb custom_padding=\u00bb||0.3em||false|false\u00bb box_shadow_style=\u00bbpreset2&#8243; global_colors_info=\u00bb{}\u00bb][\/et_pb_image][et_pb_text _builder_version=\u00bb4.27.2&#8243; _module_preset=\u00bbdefault\u00bb text_font=\u00bb||on||||||\u00bb text_line_height=\u00bb1.3em\u00bb transform_translate=\u00bb0px|-20px\u00bb text_orientation=\u00bbcenter\u00bb locked=\u00bboff\u00bb global_colors_info=\u00bb{}\u00bb]<\/p>\n<p class=\"p1\"><span style=\"color: #000000;\">Despu\u00e9s de terminar medicina en la Universidad Nacional de Colombia, Romero trabaj\u00f3 en la Universidad de nueva York. <\/span><span style=\"font-weight: 400; color: #000000;\">\/ Foto suministrada<\/span><\/p>\n<p>[\/et_pb_text][et_pb_text _builder_version=\u00bb4.27.2&#8243; _module_preset=\u00bbdefault\u00bb text_font=\u00bbPoppins|300|||||||\u00bb text_text_color=\u00bb#000000&#8243; text_font_size=\u00bb17px\u00bb header_text_color=\u00bb#CE4F18&#8243; header_font_size=\u00bb28px\u00bb custom_margin=\u00bb0.5em||||false|false\u00bb locked=\u00bboff\u00bb global_colors_info=\u00bb{}\u00bb]<\/p>\n<h1><b><br \/>Cuarto acto: Del laboratorio a los pacientes<\/b><\/h1>\n<p style=\"text-align: justify;\">Despu\u00e9s de tres a\u00f1os dedicado a perseguir a los linfocitos T, su tutor Jean-Charles Cerottini le propuso dar un nuevo giro en su carrera como investigador. Ya que el conocimiento sobre nuestro sistema inmunol\u00f3gico hab\u00eda madurado bastante, alguien como \u00e9l podr\u00eda ser muy \u00fatil trabajando hombro a hombro con onc\u00f3logos para intentar convertir ese conocimiento en posibilidades reales para pacientes.\u00a0<\/p>\n<p style=\"text-align: justify;\">En el Instituto Ludwig de Investigaci\u00f3n sobre el C\u00e1ncer, filial de la Universidad de Lausana, Pedro Romero se encontr\u00f3 con un grupo de onc\u00f3logos del hospital universitario de Lausana (CHUV) dispuestos a intentar nuevos caminos para tratar el c\u00e1ncer, espec\u00edficamente el melanoma, uno de los c\u00e1ncer de piel m\u00e1s agresivos. Inyectando citoquinas, unas prote\u00ednas que act\u00faan como mensajeras del sistema inmunitario, lograban inducir respuestas completas en esos pacientes. Cuando Romero era estudiante de medicina en la U. Nacional la tasa de sobrevida de los pacientes con melanoma que llegaban a los hospitales no superaba el 10 %. Desde 2011 cuando apareci\u00f3 la inmunoterapia esa tasa ha subido a m\u00e1s del 50 %. Pero adem\u00e1s, esas mismas t\u00e9cnicas se han ido extendiendo para tratar hasta un 80 % de los tumores en humanos.\u00a0<\/p>\n<p style=\"text-align: justify;\">\u00bfC\u00f3mo era que estos mensajeros lograban detener los tumores de piel? El colombiano y sus colaboradores lograron demostrar por primera vez, directamente actuando en los tejidos de los pacientes, la presencia de un viejo conocido: los linfocitos T.\u00a0 En otras palabras: demostraron lo que no cre\u00edan los onc\u00f3logos, que s\u00ed hab\u00eda una actividad inmunol\u00f3gica contra las c\u00e9lulas tumorales. Un avance que sumado a otros, abri\u00f3 la puerta para ahora pensar en vacunas antitumorales y una medicina m\u00e1s personalizada para tratar el c\u00e1ncer.\u00a0<\/p>\n<p style=\"text-align: justify;\">Con ese camino abierto, el investigador colombiano sabe que la medicina est\u00e1 experimentando una revoluci\u00f3n y en las pr\u00f3ximas d\u00e9cadas seremos testigos de terapias a\u00fan m\u00e1s potentes contra los tumores. Pero hay un obst\u00e1culo: aprovechar el sistema inmunol\u00f3gico de un paciente contra un tumor implica un conocimiento personalizado. Ahora, desde la empresa Novigenix, junto a nuevos colegas intentan combinar t\u00e9cnicas de secuenciaci\u00f3n gen\u00e9tica, aprendizaje autom\u00e1tico y ciencia de datos, \u201cpara extraer informaci\u00f3n sobre las v\u00edas celulares y moleculares que est\u00e1n implicadas en la respuesta al c\u00e1ncer\u201d para ofrecerles alternativas de detecci\u00f3n temprana y tratamientos m\u00e1s eficaces.<\/p>\n<p style=\"text-align: justify;\">[\/et_pb_text][\/et_pb_column][\/et_pb_row][et_pb_row _builder_version=\u00bb4.27.2&#8243; _module_preset=\u00bbdefault\u00bb custom_margin=\u00bb||||false|false\u00bb custom_padding=\u00bb0em||0em||true|false\u00bb global_colors_info=\u00bb{}\u00bb][et_pb_column type=\u00bb4_4&#8243; _builder_version=\u00bb4.27.2&#8243; _module_preset=\u00bbdefault\u00bb global_colors_info=\u00bb{}\u00bb][et_pb_button button_url=\u00bb@ET-DC@eyJkeW5hbWljIjp0cnVlLCJjb250ZW50IjoicG9zdF9saW5rX3VybF9wYWdlIiwic2V0dGluZ3MiOnsicG9zdF9pZCI6IjE1OTcifX0=@\u00bb button_text=\u00bbVolver a la Edici\u00f3n 8&#8243; button_alignment=\u00bbleft\u00bb _builder_version=\u00bb4.27.2&#8243; _dynamic_attributes=\u00bbbutton_url\u00bb _module_preset=\u00bbdefault\u00bb custom_button=\u00bbon\u00bb button_text_color=\u00bb#CE4F18&#8243; button_bg_color=\u00bbRGBA(255,255,255,0)\u00bb button_border_color=\u00bbRGBA(255,255,255,0)\u00bb button_font=\u00bbPoppins|700|||||||\u00bb button_icon=\u00bb&#x38;||divi||400&#8243; button_icon_placement=\u00bbleft\u00bb button_on_hover=\u00bboff\u00bb global_colors_info=\u00bb{}\u00bb][\/et_pb_button][\/et_pb_column][\/et_pb_row][\/et_pb_section][et_pb_section fb_built=\u00bb1&#8243; _builder_version=\u00bb4.17.3&#8243; _module_preset=\u00bbdefault\u00bb background_color=\u00bb#CE4F18&#8243; background_enable_pattern_style=\u00bbon\u00bb background_pattern_style=\u00bbhoneycomb\u00bb background_pattern_color=\u00bbRGBA(255,255,255,0)\u00bb global_module=\u00bb882&#8243; locked=\u00bboff\u00bb global_colors_info=\u00bb{}\u00bb][et_pb_row _builder_version=\u00bb4.17.3&#8243; _module_preset=\u00bbdefault\u00bb custom_margin=\u00bb||||false|false\u00bb custom_padding=\u00bb||||false|false\u00bb locked=\u00bboff\u00bb global_colors_info=\u00bb{}\u00bb][et_pb_column type=\u00bb4_4&#8243; _builder_version=\u00bb4.16&#8243; _module_preset=\u00bbdefault\u00bb global_colors_info=\u00bb{}\u00bb][et_pb_text _builder_version=\u00bb4.17.3&#8243; _module_preset=\u00bbdefault\u00bb text_font=\u00bbAlmarai|700|||||||\u00bb text_text_color=\u00bb#D1522A\u00bb text_font_size=\u00bb13px\u00bb header_font=\u00bbPoppins|800|||||||\u00bb header_text_color=\u00bb#FFFFFF\u00bb header_line_height=\u00bb1.1em\u00bb header_3_font=\u00bbPoppins|800|||||||\u00bb header_3_text_align=\u00bbcenter\u00bb header_3_text_color=\u00bb#D1522A\u00bb header_3_font_size=\u00bb25px\u00bb header_3_line_height=\u00bb1.2em\u00bb custom_margin=\u00bb1em||1em||true|false\u00bb border_color_bottom=\u00bb#CE4F18&#8243; global_colors_info=\u00bb{}\u00bb]<\/p>\n<h1 style=\"text-align: justify;\"><b>M\u00e1s art\u00edculos de esta edici\u00f3n<\/b><\/h1>\n<p>[\/et_pb_text][et_pb_divider color=\u00bb#FFFFFF\u00bb divider_weight=\u00bb4px\u00bb _builder_version=\u00bb4.17.3&#8243; _module_preset=\u00bbdefault\u00bb width=\u00bb20%\u00bb max_width=\u00bb100%\u00bb module_alignment=\u00bbleft\u00bb custom_margin=\u00bb||||false|false\u00bb custom_padding=\u00bb||||false|false\u00bb global_colors_info=\u00bb{}\u00bb][\/et_pb_divider][\/et_pb_column][\/et_pb_row][et_pb_row _builder_version=\u00bb4.17.3&#8243; _module_preset=\u00bbdefault\u00bb custom_padding=\u00bb||3em||false|false\u00bb global_colors_info=\u00bb{}\u00bb][et_pb_column type=\u00bb4_4&#8243; _builder_version=\u00bb4.17.3&#8243; _module_preset=\u00bbdefault\u00bb global_colors_info=\u00bb{}\u00bb][et_pb_blog fullwidth=\u00bboff\u00bb posts_number=\u00bb6&#8243; include_categories=\u00bb15&#8243; excerpt_length=\u00bb200&#8243; show_more=\u00bbon\u00bb show_author=\u00bboff\u00bb show_date=\u00bboff\u00bb show_categories=\u00bboff\u00bb _builder_version=\u00bb4.27.2&#8243; _module_preset=\u00bbdefault\u00bb header_font=\u00bbPoppins|600|||||||\u00bb header_text_color=\u00bb#CE4F18&#8243; header_line_height=\u00bb1.2em\u00bb body_text_align=\u00bbjustify\u00bb body_text_color=\u00bb#000000&#8243; read_more_text_color=\u00bb#CE4F18&#8243; pagination_font=\u00bb|600|||||||\u00bb pagination_text_color=\u00bb#FFFFFF\u00bb box_shadow_style=\u00bbpreset2&#8243; global_colors_info=\u00bb{}\u00bb][\/et_pb_blog][\/et_pb_column][\/et_pb_row][et_pb_row _builder_version=\u00bb4.17.3&#8243; _module_preset=\u00bbdefault\u00bb custom_margin=\u00bb||||false|false\u00bb custom_padding=\u00bb||||false|false\u00bb locked=\u00bboff\u00bb global_colors_info=\u00bb{}\u00bb][et_pb_column type=\u00bb4_4&#8243; _builder_version=\u00bb4.16&#8243; _module_preset=\u00bbdefault\u00bb global_colors_info=\u00bb{}\u00bb][et_pb_text _builder_version=\u00bb4.17.3&#8243; _module_preset=\u00bbdefault\u00bb text_font=\u00bbAlmarai|700|||||||\u00bb text_text_color=\u00bb#D1522A\u00bb text_font_size=\u00bb13px\u00bb header_font=\u00bbPoppins|800|||||||\u00bb header_text_color=\u00bb#FFFFFF\u00bb header_line_height=\u00bb1.1em\u00bb header_3_font=\u00bbPoppins|800|||||||\u00bb header_3_text_align=\u00bbcenter\u00bb header_3_text_color=\u00bb#D1522A\u00bb header_3_font_size=\u00bb25px\u00bb header_3_line_height=\u00bb1.2em\u00bb custom_margin=\u00bb1em||1em||true|false\u00bb border_color_bottom=\u00bb#CE4F18&#8243; global_colors_info=\u00bb{}\u00bb]<\/p>\n<h1 style=\"text-align: justify;\"><b>Art\u00edculos de otras ediciones<\/b><\/h1>\n<p>[\/et_pb_text][et_pb_divider color=\u00bb#FFFFFF\u00bb divider_weight=\u00bb4px\u00bb _builder_version=\u00bb4.17.3&#8243; _module_preset=\u00bbdefault\u00bb width=\u00bb20%\u00bb max_width=\u00bb100%\u00bb module_alignment=\u00bbleft\u00bb custom_margin=\u00bb||||false|false\u00bb custom_padding=\u00bb||||false|false\u00bb global_colors_info=\u00bb{}\u00bb][\/et_pb_divider][\/et_pb_column][\/et_pb_row][et_pb_row _builder_version=\u00bb4.17.3&#8243; _module_preset=\u00bbdefault\u00bb custom_padding=\u00bb||3em||false|false\u00bb global_colors_info=\u00bb{}\u00bb][et_pb_column type=\u00bb4_4&#8243; _builder_version=\u00bb4.17.3&#8243; _module_preset=\u00bbdefault\u00bb global_colors_info=\u00bb{}\u00bb][et_pb_blog fullwidth=\u00bboff\u00bb posts_number=\u00bb6&#8243; include_categories=\u00bb4,5,6,7,11,12,13&#8243; excerpt_length=\u00bb200&#8243; show_more=\u00bbon\u00bb show_author=\u00bboff\u00bb show_date=\u00bboff\u00bb show_categories=\u00bboff\u00bb _builder_version=\u00bb4.27.2&#8243; _module_preset=\u00bbdefault\u00bb header_font=\u00bbPoppins|600|||||||\u00bb header_text_color=\u00bb#CE4F18&#8243; header_line_height=\u00bb1.2em\u00bb body_text_align=\u00bbjustify\u00bb body_text_color=\u00bb#000000&#8243; read_more_text_color=\u00bb#CE4F18&#8243; pagination_font=\u00bb|600|||||||\u00bb pagination_text_color=\u00bb#FFFFFF\u00bb box_shadow_style=\u00bbpreset2&#8243; global_colors_info=\u00bb{}\u00bb][\/et_pb_blog][\/et_pb_column][\/et_pb_row][\/et_pb_section]<\/p>\n","protected":false},"excerpt":{"rendered":"<p>Pedro Romero: de la malaria al c\u00e1ncer en cuatro actosEl investigador colombiano que hace 40 a\u00f1os se involucr\u00f3 en el desarrollo de vacunas contra el par\u00e1sito Plasmodium hoy hace parte de la \u00e9lite de investigadores que desarrollaron terapias inmunol\u00f3gicas contra tumores.Por Pablo Correa Torres Exeditor ambiente, salud y ciencia del peri\u00f3dico El Espectador (2010-2021). Knight [&hellip;]<\/p>\n","protected":false},"author":2,"featured_media":1634,"comment_status":"closed","ping_status":"closed","sticky":false,"template":"","format":"standard","meta":{"_et_pb_use_builder":"on","_et_pb_old_content":"","_et_gb_content_width":"2880","footnotes":""},"categories":[15],"tags":[],"class_list":["post-1637","post","type-post","status-publish","format-standard","has-post-thumbnail","hentry","category-edicion-8"],"_links":{"self":[{"href":"https:\/\/unab.edu.co\/cienciaabierta\/wp-json\/wp\/v2\/posts\/1637","targetHints":{"allow":["GET"]}}],"collection":[{"href":"https:\/\/unab.edu.co\/cienciaabierta\/wp-json\/wp\/v2\/posts"}],"about":[{"href":"https:\/\/unab.edu.co\/cienciaabierta\/wp-json\/wp\/v2\/types\/post"}],"author":[{"embeddable":true,"href":"https:\/\/unab.edu.co\/cienciaabierta\/wp-json\/wp\/v2\/users\/2"}],"replies":[{"embeddable":true,"href":"https:\/\/unab.edu.co\/cienciaabierta\/wp-json\/wp\/v2\/comments?post=1637"}],"version-history":[{"count":9,"href":"https:\/\/unab.edu.co\/cienciaabierta\/wp-json\/wp\/v2\/posts\/1637\/revisions"}],"predecessor-version":[{"id":1742,"href":"https:\/\/unab.edu.co\/cienciaabierta\/wp-json\/wp\/v2\/posts\/1637\/revisions\/1742"}],"wp:featuredmedia":[{"embeddable":true,"href":"https:\/\/unab.edu.co\/cienciaabierta\/wp-json\/wp\/v2\/media\/1634"}],"wp:attachment":[{"href":"https:\/\/unab.edu.co\/cienciaabierta\/wp-json\/wp\/v2\/media?parent=1637"}],"wp:term":[{"taxonomy":"category","embeddable":true,"href":"https:\/\/unab.edu.co\/cienciaabierta\/wp-json\/wp\/v2\/categories?post=1637"},{"taxonomy":"post_tag","embeddable":true,"href":"https:\/\/unab.edu.co\/cienciaabierta\/wp-json\/wp\/v2\/tags?post=1637"}],"curies":[{"name":"wp","href":"https:\/\/api.w.org\/{rel}","templated":true}]}}