{"id":1661,"date":"2024-12-16T17:29:27","date_gmt":"2024-12-16T22:29:27","guid":{"rendered":"https:\/\/unab.edu.co\/cienciaabierta\/?p=1661"},"modified":"2024-12-17T11:11:15","modified_gmt":"2024-12-17T16:11:15","slug":"las-elites-de-latinoamerica-mantienen-una-perspectiva-colonial","status":"publish","type":"post","link":"https:\/\/unab.edu.co\/cienciaabierta\/las-elites-de-latinoamerica-mantienen-una-perspectiva-colonial\/","title":{"rendered":"\u201cLas \u00e9lites de Latinoam\u00e9rica mantienen una perspectiva colonial\u201d"},"content":{"rendered":"<p>[et_pb_section fb_built=\u00bb1&#8243; custom_padding_last_edited=\u00bbon|desktop\u00bb _builder_version=\u00bb4.27.2&#8243; _module_preset=\u00bbdefault\u00bb background_color=\u00bb#D6D6D6&#8243; background_image=\u00bbhttps:\/\/unab.edu.co\/cienciaabierta\/wp-content\/uploads\/2024\/12\/dennis-oliveira.jpg\u00bb background_blend=\u00bbmultiply\u00bb width=\u00bb100%\u00bb max_width=\u00bb100%\u00bb min_height=\u00bb840px\u00bb min_height_tablet=\u00bb510px\u00bb min_height_phone=\u00bb500px\u00bb min_height_last_edited=\u00bbon|tablet\u00bb height=\u00bb1000px\u00bb max_height=\u00bb510px\u00bb custom_margin=\u00bb||||false|false\u00bb custom_margin_tablet=\u00bb||||false|false\u00bb custom_margin_phone=\u00bb||||false|false\u00bb custom_margin_last_edited=\u00bbon|desktop\u00bb custom_padding=\u00bb54px|0px|||false|false\u00bb custom_padding_tablet=\u00bb54px|0px|||false|false\u00bb custom_padding_phone=\u00bb54px|0px|||false|false\u00bb background_last_edited=\u00bbon|desktop\u00bb background_image_phone=\u00bbhttps:\/\/unab.edu.co\/cienciaabierta\/wp-content\/uploads\/2024\/12\/dennis-oliveira.jpg\u00bb background_enable_image_phone=\u00bbon\u00bb box_shadow_style=\u00bbpreset2&#8243; locked=\u00bboff\u00bb global_colors_info=\u00bb{}\u00bb][et_pb_row _builder_version=\u00bb4.20.4&#8243; _module_preset=\u00bbdefault\u00bb global_colors_info=\u00bb{}\u00bb][et_pb_column type=\u00bb4_4&#8243; _builder_version=\u00bb4.16&#8243; _module_preset=\u00bbdefault\u00bb global_colors_info=\u00bb{}\u00bb][et_pb_text _builder_version=\u00bb4.27.2&#8243; _module_preset=\u00bbdefault\u00bb header_font=\u00bbPoppins|700|||||||\u00bb header_text_color=\u00bb#FFFFFF\u00bb header_font_size=\u00bb54px\u00bb header_line_height=\u00bb1.1em\u00bb max_width=\u00bb100%\u00bb module_alignment=\u00bbcenter\u00bb custom_margin=\u00bb||0.5em||false|false\u00bb custom_padding=\u00bb37em||0.5em||false|false\u00bb custom_padding_tablet=\u00bb20em||||false|false\u00bb custom_padding_phone=\u00bb18em||||false|false\u00bb custom_padding_last_edited=\u00bbon|desktop\u00bb header_font_tablet=\u00bbPoppins|700|||||||\u00bb header_font_phone=\u00bbPoppins|700|||||||\u00bb header_font_last_edited=\u00bbon|tablet\u00bb header_font_size_tablet=\u00bb32px\u00bb header_font_size_phone=\u00bb28px\u00bb header_font_size_last_edited=\u00bbon|desktop\u00bb header_text_shadow_style=\u00bbpreset3&#8243; header_text_shadow_color=\u00bbrgba(0,0,0,0.8)\u00bb border_color_bottom=\u00bb#CE4F18&#8243; locked=\u00bboff\u00bb global_colors_info=\u00bb{}\u00bb header_font_size__hover_enabled=\u00bboff|desktop\u00bb header_font_size__hover=\u00bb50px\u00bb width__hover_enabled=\u00bbon|desktop\u00bb max_width__hover_enabled=\u00bbon|hover\u00bb max_width__hover=\u00bb100%\u00bb]<\/p>\n<h1 style=\"text-align: center;\"><b>\u201cLas \u00e9lites de Latinoam\u00e9rica mantienen una perspectiva colonial\u201d<\/b><\/h1>\n<p>[\/et_pb_text][\/et_pb_column][\/et_pb_row][\/et_pb_section][et_pb_section fb_built=\u00bb1&#8243; _builder_version=\u00bb4.16&#8243; _module_preset=\u00bbdefault\u00bb locked=\u00bboff\u00bb global_colors_info=\u00bb{}\u00bb][et_pb_row _builder_version=\u00bb4.27.2&#8243; _module_preset=\u00bbdefault\u00bb custom_margin=\u00bb||||false|false\u00bb custom_padding=\u00bb0em||0em||true|false\u00bb locked=\u00bboff\u00bb global_colors_info=\u00bb{}\u00bb][et_pb_column type=\u00bb4_4&#8243; _builder_version=\u00bb4.27.2&#8243; _module_preset=\u00bbdefault\u00bb global_colors_info=\u00bb{}\u00bb][et_pb_button button_url=\u00bb@ET-DC@eyJkeW5hbWljIjp0cnVlLCJjb250ZW50IjoicG9zdF9saW5rX3VybF9wYWdlIiwic2V0dGluZ3MiOnsicG9zdF9pZCI6IjE1OTcifX0=@\u00bb button_text=\u00bbVolver a la Edici\u00f3n 8&#8243; button_alignment=\u00bbleft\u00bb _builder_version=\u00bb4.27.2&#8243; _dynamic_attributes=\u00bbbutton_url\u00bb _module_preset=\u00bbdefault\u00bb custom_button=\u00bbon\u00bb button_text_color=\u00bb#CE4F18&#8243; button_bg_color=\u00bbRGBA(255,255,255,0)\u00bb button_border_color=\u00bbRGBA(255,255,255,0)\u00bb button_font=\u00bbPoppins|700|||||||\u00bb button_icon=\u00bb&#x38;||divi||400&#8243; button_icon_placement=\u00bbleft\u00bb button_on_hover=\u00bboff\u00bb global_colors_info=\u00bb{}\u00bb][\/et_pb_button][\/et_pb_column][\/et_pb_row][et_pb_row column_structure=\u00bb1_2,1_2&#8243; _builder_version=\u00bb4.17.3&#8243; _module_preset=\u00bbdefault\u00bb custom_margin=\u00bb||||false|false\u00bb global_colors_info=\u00bb{}\u00bb][et_pb_column type=\u00bb1_2&#8243; _builder_version=\u00bb4.16&#8243; _module_preset=\u00bbdefault\u00bb global_colors_info=\u00bb{}\u00bb][et_pb_text _builder_version=\u00bb4.27.2&#8243; _module_preset=\u00bbdefault\u00bb text_font=\u00bbAlmarai|800|||||||\u00bb text_text_color=\u00bb#D1522A\u00bb text_font_size=\u00bb25px\u00bb header_text_color=\u00bb#D1522A\u00bb header_3_font=\u00bbPoppins||||||||\u00bb header_3_text_align=\u00bbcenter\u00bb header_3_text_color=\u00bb#D1522A\u00bb header_3_font_size=\u00bb21px\u00bb header_3_line_height=\u00bb1.2em\u00bb custom_margin=\u00bb0em||||false|false\u00bb custom_padding=\u00bb0.5em||||false|false\u00bb global_colors_info=\u00bb{}\u00bb]<\/p>\n<h3 style=\"text-align: justify;\">En esta entrevista, el periodista brasile\u00f1o Dennis de Oliveira comparte c\u00f3mo la intersecci\u00f3n entre identidad, cultura y resistencia ha moldeado su vida y su carrera, y qu\u00e9 lecciones nos deja para entender mejor las complejidades de la inclusi\u00f3n en nuestra regi\u00f3n.<\/h3>\n<p>[\/et_pb_text][\/et_pb_column][et_pb_column type=\u00bb1_2&#8243; _builder_version=\u00bb4.17.3&#8243; _module_preset=\u00bbdefault\u00bb global_colors_info=\u00bb{}\u00bb][et_pb_testimonial portrait_url=\u00bbhttps:\/\/unab.edu.co\/cienciaabierta\/wp-content\/uploads\/2023\/06\/carolina-toscano.jpg\u00bb quote_icon=\u00bboff\u00bb _builder_version=\u00bb4.27.2&#8243; _module_preset=\u00bbdefault\u00bb border_radii=\u00bbon|7px|7px|7px|7px\u00bb box_shadow_style=\u00bbpreset1&#8243; locked=\u00bboff\u00bb global_colors_info=\u00bb{}\u00bb]<\/p>\n<h4 bis_size=\"{&quot;x&quot;:10,&quot;y&quot;:21,&quot;w&quot;:309,&quot;h&quot;:24,&quot;abs_x&quot;:300,&quot;abs_y&quot;:654}\"><span style=\"color: #000000;\"><strong bis_size=\"{&quot;x&quot;:10,&quot;y&quot;:23,&quot;w&quot;:200,&quot;h&quot;:17,&quot;abs_x&quot;:300,&quot;abs_y&quot;:656}\">Por Carolina Toscano Vargas<\/strong><\/span><\/h4>\n<p bis_size=\"{&quot;x&quot;:10,&quot;y&quot;:66,&quot;w&quot;:309,&quot;h&quot;:96,&quot;abs_x&quot;:300,&quot;abs_y&quot;:699}\" style=\"text-align: justify;\"><span>Periodista con experiencia en el manejo de comunicaciones corporativas y el sector educativo. Jefe de Contenidos en la Universidad Aut\u00f3noma de Bucaramanga.<\/span><\/p>\n<p bis_size=\"{&quot;x&quot;:10,&quot;y&quot;:178,&quot;w&quot;:309,&quot;h&quot;:24,&quot;abs_x&quot;:300,&quot;abs_y&quot;:811}\"><strong><a href=\"mailto:publicaciones@unab.edu.co\">publicaciones@unab.edu.co<\/a><\/strong><\/p>\n<p>[\/et_pb_testimonial][\/et_pb_column][\/et_pb_row][et_pb_row _builder_version=\u00bb4.17.3&#8243; _module_preset=\u00bbdefault\u00bb custom_margin=\u00bb||||false|false\u00bb global_colors_info=\u00bb{}\u00bb][et_pb_column type=\u00bb4_4&#8243; _builder_version=\u00bb4.17.3&#8243; _module_preset=\u00bbdefault\u00bb global_colors_info=\u00bb{}\u00bb][et_pb_text _builder_version=\u00bb4.27.2&#8243; _module_preset=\u00bbdefault\u00bb text_font=\u00bbPoppins|300|||||||\u00bb text_text_color=\u00bb#000000&#8243; text_font_size=\u00bb17px\u00bb header_text_color=\u00bb#CE4F18&#8243; header_font_size=\u00bb28px\u00bb custom_margin=\u00bb0.5em||||false|false\u00bb locked=\u00bboff\u00bb global_colors_info=\u00bb{}\u00bb]<\/p>\n<p style=\"text-align: justify;\">En un continente marcado por la diversidad cultural, la experiencia de ser afrodescendiente en Latinoam\u00e9rica sigue revelando profundas contradicciones. <strong>Ciencia Abierta UNAB<\/strong> convers\u00f3 con Dennis de Oliveira, periodista brasile\u00f1o, paulista para ser m\u00e1s precisos, de 60 a\u00f1os, profesor e investigador de la Universidad de San Pablo (USP), escritor y activista de las comunidades afro y sus costumbres en Am\u00e9rica Latina. En esta entrevista, Oliveira comparte c\u00f3mo la intersecci\u00f3n entre identidad, cultura y resistencia ha moldeado su vida y su carrera, y qu\u00e9 lecciones nos deja para entender mejor las complejidades de la inclusi\u00f3n en nuestra regi\u00f3n.<\/p>\n<p style=\"text-align: justify;\">Siendo ni\u00f1o se hizo fan de la banda norteamericana <i>Jackson Five, <\/i>que junto a otras bandas de <i>rhythm and blues (<\/i><i>R&amp;B), soul<\/i> y <i>funk ,<\/i> hab\u00edan logrado penetrar las entonces celosas barreras musicales del mercado brasilero. Sin saberlo, su gusto ser\u00eda la causa para probar las primeras expresiones de racismo que lo hicieron consciente de su etnia y del verdadero sentido de las frases que les repet\u00edan sus padres a \u00e9l y sus hermanas advirtiendo lo dif\u00edcil que pod\u00eda ser la vida para ellos.<\/p>\n<p>[\/et_pb_text][et_pb_image src=\u00bbhttps:\/\/unab.edu.co\/cienciaabierta\/wp-content\/uploads\/2024\/12\/dennis-oliveira.jpg\u00bb title_text=\u00bbdennis-oliveira\u00bb align=\u00bbcenter\u00bb _builder_version=\u00bb4.27.2&#8243; _module_preset=\u00bbdefault\u00bb custom_padding=\u00bb||0.3em||false|false\u00bb box_shadow_style=\u00bbpreset2&#8243; global_colors_info=\u00bb{}\u00bb][\/et_pb_image][et_pb_text _builder_version=\u00bb4.27.2&#8243; _module_preset=\u00bbdefault\u00bb text_font=\u00bb||on||||||\u00bb text_line_height=\u00bb1.3em\u00bb transform_translate=\u00bb0px|-20px\u00bb text_orientation=\u00bbcenter\u00bb locked=\u00bboff\u00bb global_colors_info=\u00bb{}\u00bb]<\/p>\n<p bis_size=\"{&quot;x&quot;:10,&quot;y&quot;:15,&quot;w&quot;:309,&quot;h&quot;:72,&quot;abs_x&quot;:303,&quot;abs_y&quot;:415}\" style=\"text-align: center;\"><span style=\"color: #000000;\"><span style=\"font-weight: 400;\">Dennis de Oliveira se describe a s\u00ed mismo como hijo de una <\/span><span style=\"font-weight: 400;\">mixtura (mezcla en portugu\u00e9s)<\/span><i><span style=\"font-weight: 400;\">:<\/span><\/i><span style=\"font-weight: 400;\"> su abuela paterna es rubia y de origen alem\u00e1n, su pap\u00e1 es negro, su mam\u00e1 blanca, y sus hermanas tienen el color de la piel m\u00e1s oscura que la de \u00e9l.<\/span><\/span> <span style=\"font-weight: 400; color: #000000;\">\/ Foto \u00c9rika D\u00edaz<\/span><\/p>\n<p>[\/et_pb_text][et_pb_text _builder_version=\u00bb4.27.2&#8243; _module_preset=\u00bbdefault\u00bb text_font=\u00bbPoppins|300|||||||\u00bb text_text_color=\u00bb#000000&#8243; text_font_size=\u00bb17px\u00bb header_text_color=\u00bb#CE4F18&#8243; header_font_size=\u00bb28px\u00bb custom_margin=\u00bb0.5em||||false|false\u00bb hover_enabled=\u00bb0&#8243; locked=\u00bboff\u00bb global_colors_info=\u00bb{}\u00bb header_font_size_last_edited=\u00bbon|phone\u00bb header_font_size_phone=\u00bb23px\u00bb sticky_enabled=\u00bb0&#8243; header_font_size_tablet=\u00bb28px\u00bb]<\/p>\n<h1><b><br \/>\u00bfEn qu\u00e9 momento se reconoce como integrante de la comunidad afro?<\/b><\/h1>\n<p style=\"text-align: justify;\">Mi pap\u00e1 nunca nos dijo que \u00e9ramos negros, pero s\u00ed que nosotros ten\u00edamos que estudiar mucho porque hab\u00eda numerosos obst\u00e1culos para nuestra familia. Yo fui percibiendo mi condici\u00f3n afro cuando llegu\u00e9 a la universidad a los 18 a\u00f1os, en 1982, al ingresar al programa de periodismo. En aquel momento la universidad no ten\u00eda alternativa o cuota racial que cumplir. \u00a0 Entr\u00e9 con un grupo de 85 alumnos de los cuales solo tres ven\u00edan de escuelas p\u00fablicas y dos \u00e9ramos negros. Ah\u00ed encontr\u00e9 bastantes diferencias en el trato y en las historias de vida. En mi adolescencia \u00edbamos con mis hermanas, primas y amigos a barrios de comunidades afro donde se escuchaba y se bailaba m\u00fasica funk como James Brown.<\/p>\n<p style=\"text-align: justify;\">Recuerdo que un d\u00eda llegu\u00e9 a clase con una camiseta de los <i>Jackson Five y<\/i> mis compa\u00f1eros de sal\u00f3n se quedaron mir\u00e1ndome, empezaron a decirme que era rid\u00edculo y eso me impact\u00f3 mucho por la diferencia social.\u00a0Fui consolidando mi identidad afro a partir de esas diferencias.<\/p>\n<h1><b>\u00bfQu\u00e9 tan comunes eran esas muestras de racismo?<\/b><\/h1>\n<p style=\"text-align: justify;\">Al principio pens\u00e9 que era solo un problema m\u00edo. Cuando comenc\u00e9 a hablar con amigos de otras facultades y localidades comprendimos un poco m\u00e1s lo que estaba pasando. Investigu\u00e9 y pens\u00e9 que era un problema de clases sociales porque yo ven\u00eda de escuela p\u00fablica y mis compa\u00f1eros ven\u00edan de escuelas privadas. Me empec\u00e9 a juntar con amigos de otras universidades y eso impuls\u00f3 m\u00ed investigaci\u00f3n, me hizo considerar que era un problema meramente\u00a0de la clase trabajadora.<\/p>\n<h1><b><\/b><\/h1>\n<h1><b>\u00bfCu\u00e1ndo pasa de la investigaci\u00f3n a la acci\u00f3n?<\/b><\/h1>\n<p style=\"text-align: justify;\">Fui militante del partido comunista de Brasil y percib\u00ed que en el mismo movimiento social hab\u00eda diferencias, las personas blancas ten\u00edan unos privilegios distintos. Ayud\u00e9 a fundar una organizaci\u00f3n dirigida a la comunidad negra llamada Uni\u00f3n de Negros para la Igualdad, que a\u00fan existe en Brasil. Al partido no le gustaba esa organizaci\u00f3n y luego quiso controlarla. Ah\u00ed fue cuando decid\u00ed salirme del colectivo y seguir actuando por mi cuenta.<\/p>\n<p style=\"text-align: justify;\">En 2013 ayud\u00e9 a crear Red, una entidad aut\u00f3noma e independiente formada por muchos estudiantes negros en la universidad de todas las cuotas raciales, y constru\u00ed una militancia interracista. Paralelo a eso, trabaj\u00e9 como investigador de movimientos sociales y raciales donde puedo aportar mi experiencia dura y dif\u00edcil, pero importante para el aprendizaje.<\/p>\n<h1><b><\/b><\/h1>\n<h1><b><\/b><\/h1>\n<h1><b>En sus art\u00edculos dice que Latinoam\u00e9rica sufre de falta de identidad. \u00bfA qu\u00e9 cree que se debe?<\/b><\/h1>\n<p style=\"text-align: justify;\">En los pa\u00edses latinoamericanos, aunque ya no son una colonia de Europa, sus \u00e9lites y clases dirigentes mantienen una perspectiva colonial. Eso evita la construcci\u00f3n de una identidad propia. Muestra de ello es que en Brasil conocemos muy poco de Latinoam\u00e9rica. En mi pa\u00eds solo conocen a Gabriel Garc\u00eda M\u00e1rquez y a Julio Cort\u00e1zar porque fueron autores traducidos al portugu\u00e9s. Los dem\u00e1s escritores de renombre all\u00ed son ingleses.<\/p>\n<h1><b>\u00bfLa interculturalidad puede comprometer la preservaci\u00f3n de las culturas minoritarias?<\/b><\/h1>\n<p style=\"text-align: justify;\">El di\u00e1logo intercultural no es un riesgo para las culturas si pensamos una conversaci\u00f3n en la que una cultura no se sobrepone a otra. Por el contrario, las culturas pueden enriquecerse con ese di\u00e1logo colectivo.<\/p>\n<p style=\"text-align: justify;\">Por ejemplo, en Bolivia hay una expresi\u00f3n cultural llamada Saya, son pueblos afros localizados en Los Yungas cerca a La Paz, muy semejante con otra cultura llamada Tambor de Crioula en Maranhao, Brasil, pero no sabemos eso tan interesante. Tambi\u00e9n hay similitudes entre los matices afro de Brasil y de Cuba en temas como la santer\u00eda y sus rituales. Por otra parte, la experiencia de los palenques en Colombia es muy parecida a los quilombos en Brasil, su historia de lucha es muy similar.<\/p>\n<p style=\"text-align: justify;\">Con estas similitudes, es muy bueno si pensamos un di\u00e1logo sin jerarqu\u00edas, un di\u00e1logo entre iguales.<\/p>\n<h1><b>\u00bfCu\u00e1les son los \u2018enemigos\u2019 de la interculturalidad?<\/b><\/h1>\n<p style=\"text-align: justify;\">El discurso de intolerancia de \u201cel otro es mi enemigo, es una persona peligrosa\u201d. El problema m\u00e1s grande que tenemos es que conocemos al otro por los estigmas y estereotipos, no lo conocemos de verdad.<\/p>\n<h1><b>\u00bfC\u00f3mo define cultura y territorio?\u00a0<\/b><\/h1>\n<p style=\"text-align: justify;\">Cultura es todo lo que los seres humanos hacen en el sentido de construir una percepci\u00f3n propia, de los otros y del contexto construyendo esas visiones de la percepci\u00f3n de la realidad. Territorio es un lugar, no solamente f\u00edsico, que es afectado por la presencia humana y sus perspectivas culturales.<\/p>\n<p>&nbsp;<\/p>\n<h1><b>\u00bfQu\u00e9 se puede hacer desde la educaci\u00f3n para contribuir al discurso intercultural?<\/b><\/h1>\n<p style=\"text-align: justify;\">La universidad tiene tres desaf\u00edos. El primero es pensar en lo que va a ofrecer a la sociedad. Las personas entran a la universidad como una manera de ascenso social, por eso las instituciones educativas se deben democratizar, deben ser impactadas por las demandas sociales de los pueblos y hablar constantemente de diversidad. El segundo aspecto es la autonom\u00eda, ser independiente de los poderes econ\u00f3micos y pol\u00edticos. Y el tercero, usar la investigaci\u00f3n para mostrar metodolog\u00edas a partir de otras experiencias y de otros pueblos.<\/p>\n<h1><b>\u00bfPor qu\u00e9 considera que la interculturalidad se est\u00e1 volviendo como una mercanc\u00eda?<\/b><\/h1>\n<p style=\"text-align: justify;\">En Estados Unidos, por ejemplo, la Facultad de Negocios de Harvard realiz\u00f3 un estudio llamado <i>Making diference matter <\/i>(Hacer la diferencia importa)<i>,<\/i> en el que demostr\u00f3 que las empresas que invirtieron en la identidad cultural en sus compa\u00f1\u00edas presentaron utilidades. Ahora existen agencias especializadas en construir publicidad con esta tem\u00e1tica, transformando la diferencia en un negocio.\u00a0Muchas empresas usan ind\u00edgenas y afros para mercadear, pero compran sus materias primas en lugares con esclavitud y explotaci\u00f3n infantil. Y al mismo tiempo lideran campa\u00f1as de apoyo a causas sociales o en pro de minor\u00edas.<\/p>\n<h1><b>\u00bfCu\u00e1l ser\u00eda su anhelo?<\/b><\/h1>\n<p style=\"text-align: justify;\">Mi sue\u00f1o es que no pensemos m\u00e1s en interculturalidad y seamos todos iguales. La diferencia existe, pero no es importante.<\/p>\n<p>[\/et_pb_text][\/et_pb_column][\/et_pb_row][et_pb_row _builder_version=\u00bb4.27.2&#8243; _module_preset=\u00bbdefault\u00bb custom_margin=\u00bb||||false|false\u00bb custom_padding=\u00bb0em||0em||true|false\u00bb global_colors_info=\u00bb{}\u00bb][et_pb_column type=\u00bb4_4&#8243; _builder_version=\u00bb4.27.2&#8243; _module_preset=\u00bbdefault\u00bb global_colors_info=\u00bb{}\u00bb][et_pb_button button_url=\u00bb@ET-DC@eyJkeW5hbWljIjp0cnVlLCJjb250ZW50IjoicG9zdF9saW5rX3VybF9wYWdlIiwic2V0dGluZ3MiOnsicG9zdF9pZCI6IjE1OTcifX0=@\u00bb button_text=\u00bbVolver a la Edici\u00f3n 8&#8243; button_alignment=\u00bbleft\u00bb _builder_version=\u00bb4.27.2&#8243; _dynamic_attributes=\u00bbbutton_url\u00bb _module_preset=\u00bbdefault\u00bb custom_button=\u00bbon\u00bb button_text_color=\u00bb#CE4F18&#8243; button_bg_color=\u00bbRGBA(255,255,255,0)\u00bb button_border_color=\u00bbRGBA(255,255,255,0)\u00bb button_font=\u00bbPoppins|700|||||||\u00bb button_icon=\u00bb&#x38;||divi||400&#8243; button_icon_placement=\u00bbleft\u00bb button_on_hover=\u00bboff\u00bb global_colors_info=\u00bb{}\u00bb][\/et_pb_button][\/et_pb_column][\/et_pb_row][\/et_pb_section][et_pb_section fb_built=\u00bb1&#8243; _builder_version=\u00bb4.17.3&#8243; _module_preset=\u00bbdefault\u00bb background_color=\u00bb#CE4F18&#8243; background_enable_pattern_style=\u00bbon\u00bb background_pattern_style=\u00bbhoneycomb\u00bb background_pattern_color=\u00bbRGBA(255,255,255,0)\u00bb global_module=\u00bb882&#8243; locked=\u00bboff\u00bb global_colors_info=\u00bb{}\u00bb][et_pb_row _builder_version=\u00bb4.17.3&#8243; _module_preset=\u00bbdefault\u00bb custom_margin=\u00bb||||false|false\u00bb custom_padding=\u00bb||||false|false\u00bb locked=\u00bboff\u00bb global_colors_info=\u00bb{}\u00bb][et_pb_column type=\u00bb4_4&#8243; _builder_version=\u00bb4.16&#8243; _module_preset=\u00bbdefault\u00bb global_colors_info=\u00bb{}\u00bb][et_pb_text _builder_version=\u00bb4.17.3&#8243; _module_preset=\u00bbdefault\u00bb text_font=\u00bbAlmarai|700|||||||\u00bb text_text_color=\u00bb#D1522A\u00bb text_font_size=\u00bb13px\u00bb header_font=\u00bbPoppins|800|||||||\u00bb header_text_color=\u00bb#FFFFFF\u00bb header_line_height=\u00bb1.1em\u00bb header_3_font=\u00bbPoppins|800|||||||\u00bb header_3_text_align=\u00bbcenter\u00bb header_3_text_color=\u00bb#D1522A\u00bb header_3_font_size=\u00bb25px\u00bb header_3_line_height=\u00bb1.2em\u00bb custom_margin=\u00bb1em||1em||true|false\u00bb border_color_bottom=\u00bb#CE4F18&#8243; global_colors_info=\u00bb{}\u00bb]<\/p>\n<h1 style=\"text-align: justify;\"><b>M\u00e1s art\u00edculos de esta edici\u00f3n<\/b><\/h1>\n<p>[\/et_pb_text][et_pb_divider color=\u00bb#FFFFFF\u00bb divider_weight=\u00bb4px\u00bb _builder_version=\u00bb4.17.3&#8243; _module_preset=\u00bbdefault\u00bb width=\u00bb20%\u00bb max_width=\u00bb100%\u00bb module_alignment=\u00bbleft\u00bb custom_margin=\u00bb||||false|false\u00bb custom_padding=\u00bb||||false|false\u00bb global_colors_info=\u00bb{}\u00bb][\/et_pb_divider][\/et_pb_column][\/et_pb_row][et_pb_row _builder_version=\u00bb4.17.3&#8243; _module_preset=\u00bbdefault\u00bb custom_padding=\u00bb||3em||false|false\u00bb global_colors_info=\u00bb{}\u00bb][et_pb_column type=\u00bb4_4&#8243; _builder_version=\u00bb4.17.3&#8243; _module_preset=\u00bbdefault\u00bb global_colors_info=\u00bb{}\u00bb][et_pb_blog fullwidth=\u00bboff\u00bb posts_number=\u00bb6&#8243; include_categories=\u00bb15&#8243; excerpt_length=\u00bb200&#8243; show_more=\u00bbon\u00bb show_author=\u00bboff\u00bb show_date=\u00bboff\u00bb show_categories=\u00bboff\u00bb _builder_version=\u00bb4.27.2&#8243; _module_preset=\u00bbdefault\u00bb header_font=\u00bbPoppins|600|||||||\u00bb header_text_color=\u00bb#CE4F18&#8243; header_line_height=\u00bb1.2em\u00bb body_text_align=\u00bbjustify\u00bb body_text_color=\u00bb#000000&#8243; read_more_text_color=\u00bb#CE4F18&#8243; pagination_font=\u00bb|600|||||||\u00bb pagination_text_color=\u00bb#FFFFFF\u00bb box_shadow_style=\u00bbpreset2&#8243; global_colors_info=\u00bb{}\u00bb][\/et_pb_blog][\/et_pb_column][\/et_pb_row][et_pb_row _builder_version=\u00bb4.17.3&#8243; _module_preset=\u00bbdefault\u00bb custom_margin=\u00bb||||false|false\u00bb custom_padding=\u00bb||||false|false\u00bb locked=\u00bboff\u00bb global_colors_info=\u00bb{}\u00bb][et_pb_column type=\u00bb4_4&#8243; _builder_version=\u00bb4.16&#8243; _module_preset=\u00bbdefault\u00bb global_colors_info=\u00bb{}\u00bb][et_pb_text _builder_version=\u00bb4.17.3&#8243; _module_preset=\u00bbdefault\u00bb text_font=\u00bbAlmarai|700|||||||\u00bb text_text_color=\u00bb#D1522A\u00bb text_font_size=\u00bb13px\u00bb header_font=\u00bbPoppins|800|||||||\u00bb header_text_color=\u00bb#FFFFFF\u00bb header_line_height=\u00bb1.1em\u00bb header_3_font=\u00bbPoppins|800|||||||\u00bb header_3_text_align=\u00bbcenter\u00bb header_3_text_color=\u00bb#D1522A\u00bb header_3_font_size=\u00bb25px\u00bb header_3_line_height=\u00bb1.2em\u00bb custom_margin=\u00bb1em||1em||true|false\u00bb border_color_bottom=\u00bb#CE4F18&#8243; global_colors_info=\u00bb{}\u00bb]<\/p>\n<h1 style=\"text-align: justify;\"><b>Art\u00edculos de otras ediciones<\/b><\/h1>\n<p>[\/et_pb_text][et_pb_divider color=\u00bb#FFFFFF\u00bb divider_weight=\u00bb4px\u00bb _builder_version=\u00bb4.17.3&#8243; _module_preset=\u00bbdefault\u00bb width=\u00bb20%\u00bb max_width=\u00bb100%\u00bb module_alignment=\u00bbleft\u00bb custom_margin=\u00bb||||false|false\u00bb custom_padding=\u00bb||||false|false\u00bb global_colors_info=\u00bb{}\u00bb][\/et_pb_divider][\/et_pb_column][\/et_pb_row][et_pb_row _builder_version=\u00bb4.17.3&#8243; _module_preset=\u00bbdefault\u00bb custom_padding=\u00bb||3em||false|false\u00bb global_colors_info=\u00bb{}\u00bb][et_pb_column type=\u00bb4_4&#8243; _builder_version=\u00bb4.17.3&#8243; _module_preset=\u00bbdefault\u00bb global_colors_info=\u00bb{}\u00bb][et_pb_blog fullwidth=\u00bboff\u00bb posts_number=\u00bb6&#8243; include_categories=\u00bb4,5,6,7,11,12,13&#8243; excerpt_length=\u00bb200&#8243; show_more=\u00bbon\u00bb show_author=\u00bboff\u00bb show_date=\u00bboff\u00bb show_categories=\u00bboff\u00bb _builder_version=\u00bb4.27.2&#8243; _module_preset=\u00bbdefault\u00bb header_font=\u00bbPoppins|600|||||||\u00bb header_text_color=\u00bb#CE4F18&#8243; header_line_height=\u00bb1.2em\u00bb body_text_align=\u00bbjustify\u00bb body_text_color=\u00bb#000000&#8243; read_more_text_color=\u00bb#CE4F18&#8243; pagination_font=\u00bb|600|||||||\u00bb pagination_text_color=\u00bb#FFFFFF\u00bb box_shadow_style=\u00bbpreset2&#8243; global_colors_info=\u00bb{}\u00bb][\/et_pb_blog][\/et_pb_column][\/et_pb_row][\/et_pb_section]<\/p>\n","protected":false},"excerpt":{"rendered":"<p>\u201cLas \u00e9lites de Latinoam\u00e9rica mantienen una perspectiva colonial\u201dEn esta entrevista, el periodista brasile\u00f1o Dennis de Oliveira comparte c\u00f3mo la intersecci\u00f3n entre identidad, cultura y resistencia ha moldeado su vida y su carrera, y qu\u00e9 lecciones nos deja para entender mejor las complejidades de la inclusi\u00f3n en nuestra regi\u00f3n.Por Carolina Toscano Vargas Periodista con experiencia en [&hellip;]<\/p>\n","protected":false},"author":2,"featured_media":1665,"comment_status":"closed","ping_status":"closed","sticky":false,"template":"","format":"standard","meta":{"_et_pb_use_builder":"on","_et_pb_old_content":"","_et_gb_content_width":"2880","footnotes":""},"categories":[15],"tags":[],"class_list":["post-1661","post","type-post","status-publish","format-standard","has-post-thumbnail","hentry","category-edicion-8"],"_links":{"self":[{"href":"https:\/\/unab.edu.co\/cienciaabierta\/wp-json\/wp\/v2\/posts\/1661","targetHints":{"allow":["GET"]}}],"collection":[{"href":"https:\/\/unab.edu.co\/cienciaabierta\/wp-json\/wp\/v2\/posts"}],"about":[{"href":"https:\/\/unab.edu.co\/cienciaabierta\/wp-json\/wp\/v2\/types\/post"}],"author":[{"embeddable":true,"href":"https:\/\/unab.edu.co\/cienciaabierta\/wp-json\/wp\/v2\/users\/2"}],"replies":[{"embeddable":true,"href":"https:\/\/unab.edu.co\/cienciaabierta\/wp-json\/wp\/v2\/comments?post=1661"}],"version-history":[{"count":6,"href":"https:\/\/unab.edu.co\/cienciaabierta\/wp-json\/wp\/v2\/posts\/1661\/revisions"}],"predecessor-version":[{"id":1744,"href":"https:\/\/unab.edu.co\/cienciaabierta\/wp-json\/wp\/v2\/posts\/1661\/revisions\/1744"}],"wp:featuredmedia":[{"embeddable":true,"href":"https:\/\/unab.edu.co\/cienciaabierta\/wp-json\/wp\/v2\/media\/1665"}],"wp:attachment":[{"href":"https:\/\/unab.edu.co\/cienciaabierta\/wp-json\/wp\/v2\/media?parent=1661"}],"wp:term":[{"taxonomy":"category","embeddable":true,"href":"https:\/\/unab.edu.co\/cienciaabierta\/wp-json\/wp\/v2\/categories?post=1661"},{"taxonomy":"post_tag","embeddable":true,"href":"https:\/\/unab.edu.co\/cienciaabierta\/wp-json\/wp\/v2\/tags?post=1661"}],"curies":[{"name":"wp","href":"https:\/\/api.w.org\/{rel}","templated":true}]}}