{"id":1947,"date":"2025-11-28T15:34:16","date_gmt":"2025-11-28T20:34:16","guid":{"rendered":"https:\/\/unab.edu.co\/cienciaabierta\/?p=1947"},"modified":"2026-01-21T12:04:56","modified_gmt":"2026-01-21T17:04:56","slug":"colombia-2026-la-democracia-frente-al-espejo-de-la-desinformacion-y-la-polarizacion","status":"publish","type":"post","link":"https:\/\/unab.edu.co\/cienciaabierta\/colombia-2026-la-democracia-frente-al-espejo-de-la-desinformacion-y-la-polarizacion\/","title":{"rendered":"Colombia 2026: la democracia frente al espejo de la desinformaci\u00f3n y la polarizaci\u00f3n"},"content":{"rendered":"<p>[et_pb_section fb_built=\u00bb1&#8243; custom_padding_last_edited=\u00bbon|desktop\u00bb _builder_version=\u00bb4.27.5&#8243; _module_preset=\u00bbdefault\u00bb background_color=\u00bb#D6D6D6&#8243; background_image=\u00bbhttps:\/\/unab.edu.co\/cienciaabierta\/wp-content\/uploads\/2025\/12\/colombia2026-1-.jpg\u00bb parallax=\u00bbon\u00bb background_blend=\u00bbmultiply\u00bb width=\u00bb100%\u00bb max_width=\u00bb100%\u00bb min_height=\u00bb550px\u00bb min_height_tablet=\u00bb510px\u00bb min_height_phone=\u00bb400px\u00bb min_height_last_edited=\u00bbon|phone\u00bb height=\u00bb1000px\u00bb max_height=\u00bb510px\u00bb custom_margin=\u00bb||||false|false\u00bb custom_margin_tablet=\u00bb||||false|false\u00bb custom_margin_phone=\u00bb||||false|false\u00bb custom_margin_last_edited=\u00bbon|desktop\u00bb custom_padding=\u00bb54px|0px|||false|false\u00bb custom_padding_tablet=\u00bb54px|0px|||false|false\u00bb custom_padding_phone=\u00bb54px|0px|||false|false\u00bb background_last_edited=\u00bbon|phone\u00bb box_shadow_style=\u00bbpreset2&#8243; locked=\u00bboff\u00bb global_colors_info=\u00bb{}\u00bb][et_pb_row _builder_version=\u00bb4.20.4&#8243; _module_preset=\u00bbdefault\u00bb global_colors_info=\u00bb{}\u00bb][et_pb_column type=\u00bb4_4&#8243; _builder_version=\u00bb4.16&#8243; _module_preset=\u00bbdefault\u00bb global_colors_info=\u00bb{}\u00bb][et_pb_text _builder_version=\u00bb4.27.4&#8243; _module_preset=\u00bbdefault\u00bb header_font=\u00bbPoppins|700|||||||\u00bb header_text_color=\u00bb#FFFFFF\u00bb header_font_size=\u00bb46px\u00bb header_line_height=\u00bb1.2em\u00bb max_width=\u00bb100%\u00bb module_alignment=\u00bbcenter\u00bb custom_margin=\u00bb||0.5em||false|false\u00bb custom_padding=\u00bb15em||0.5em||false|false\u00bb custom_padding_tablet=\u00bb20em||||false|false\u00bb custom_padding_phone=\u00bb18em||||false|false\u00bb custom_padding_last_edited=\u00bbon|desktop\u00bb header_font_tablet=\u00bbPoppins|700|||||||\u00bb header_font_phone=\u00bbPoppins|700|||||||\u00bb header_font_last_edited=\u00bbon|tablet\u00bb header_font_size_tablet=\u00bb32px\u00bb header_font_size_phone=\u00bb25px\u00bb header_font_size_last_edited=\u00bbon|phone\u00bb header_text_shadow_style=\u00bbpreset3&#8243; header_text_shadow_color=\u00bbrgba(0,0,0,0.8)\u00bb border_color_bottom=\u00bb#CE4F18&#8243; locked=\u00bboff\u00bb global_colors_info=\u00bb{}\u00bb header_font_size__hover_enabled=\u00bboff|desktop\u00bb header_font_size__hover=\u00bb50px\u00bb width__hover_enabled=\u00bbon|desktop\u00bb max_width__hover_enabled=\u00bbon|hover\u00bb max_width__hover=\u00bb100%\u00bb]<\/p>\n<h1 style=\"text-align: center\"><b>Colombia 2026: la democracia frente al espejo de la desinformaci\u00f3n y la polarizaci\u00f3n<\/b><\/h1>\n<p>[\/et_pb_text][\/et_pb_column][\/et_pb_row][\/et_pb_section][et_pb_section fb_built=\u00bb1&#8243; _builder_version=\u00bb4.16&#8243; _module_preset=\u00bbdefault\u00bb locked=\u00bboff\u00bb global_colors_info=\u00bb{}\u00bb][et_pb_row _builder_version=\u00bb4.27.5&#8243; _module_preset=\u00bbdefault\u00bb width=\u00bb100%\u00bb max_width=\u00bb95%\u00bb custom_margin=\u00bb||||false|false\u00bb custom_padding=\u00bb0em||0em||true|false\u00bb locked=\u00bboff\u00bb global_colors_info=\u00bb{}\u00bb][et_pb_column type=\u00bb4_4&#8243; _builder_version=\u00bb4.27.2&#8243; _module_preset=\u00bbdefault\u00bb global_colors_info=\u00bb{}\u00bb][et_pb_button button_url=\u00bb@ET-DC@eyJkeW5hbWljIjp0cnVlLCJjb250ZW50IjoicG9zdF9saW5rX3VybF9wYWdlIiwic2V0dGluZ3MiOnsicG9zdF9pZCI6IjIxMzkiLCJlbmFibGVfaHRtbCI6Im9mZiJ9fQ==@\u00bb button_text=\u00bbVolver a la Edici\u00f3n 10&#8243; button_alignment=\u00bbleft\u00bb _builder_version=\u00bb4.27.5&#8243; _dynamic_attributes=\u00bbbutton_url\u00bb _module_preset=\u00bbdefault\u00bb custom_button=\u00bbon\u00bb button_text_color=\u00bb#CE4F18&#8243; button_bg_color=\u00bbRGBA(255,255,255,0)\u00bb button_border_color=\u00bbRGBA(255,255,255,0)\u00bb button_font=\u00bbPoppins|700|||||||\u00bb button_icon=\u00bb&#x38;||divi||400&#8243; button_icon_placement=\u00bbleft\u00bb button_on_hover=\u00bboff\u00bb global_colors_info=\u00bb{}\u00bb][\/et_pb_button][\/et_pb_column][\/et_pb_row][et_pb_row use_custom_gutter=\u00bbon\u00bb gutter_width=\u00bb2&#8243; _builder_version=\u00bb4.27.5&#8243; _module_preset=\u00bbdefault\u00bb background_color=\u00bb#f8f8f8&#8243; width=\u00bb100%\u00bb max_width=\u00bb100%\u00bb custom_margin=\u00bb||||false|true\u00bb custom_padding=\u00bb1%|10%|1%|10%|true|true\u00bb global_colors_info=\u00bb{}\u00bb][et_pb_column type=\u00bb4_4&#8243; _builder_version=\u00bb4.27.4&#8243; _module_preset=\u00bbdefault\u00bb global_colors_info=\u00bb{}\u00bb][et_pb_blurb title=\u00bbPor Luis Fernando Rueda Vivas\u00bb image=\u00bbhttps:\/\/unab.edu.co\/cienciaabierta\/wp-content\/uploads\/2021\/12\/IMG_6978-2.jpeg\u00bb icon_placement=\u00bbleft\u00bb image_icon_width=\u00bb90px\u00bb module_class=\u00bbblurb-img-90&#8243; _builder_version=\u00bb4.27.5&#8243; _module_preset=\u00bbdefault\u00bb header_font=\u00bb|600|||||||\u00bb header_font_size=\u00bb14px\u00bb header_line_height=\u00bb1.2em\u00bb body_font_size=\u00bb13px\u00bb body_line_height=\u00bb1.3em\u00bb body_link_text_color=\u00bb#E09900&#8243; background_color=\u00bb#FFFFFF\u00bb custom_padding=\u00bb1em|0.9em|1em|0.9em|true|true\u00bb custom_css_free_form=\u00bb\/* Forzar contenedor cuadrado *\/||.blurb-img-90 .et_pb_main_blurb_image span {||  width: 90px;||  height: 90px;||  display: block;||}||||\/* Imagen circular real *\/||.blurb-img-90 .et_pb_main_blurb_image img {||  width: 90px;||  height: 90px;||  border-radius: 50% !important;||  object-fit: cover;||  display: block;||}||\u00bb border_radii=\u00bbon|5px|5px|5px|5px\u00bb border_width_all=\u00bb1px\u00bb border_color_all=\u00bb#FFFFFF\u00bb global_colors_info=\u00bb{}\u00bb]<\/p>\n<p><span>Director Direcci\u00f3n de Comunicaci\u00f3n Organizacional UNAB. Periodista con Maestr\u00eda en Comunicaci\u00f3n Digital y Especializaci\u00f3n en Periodismo Electr\u00f3nico.<\/span><\/p>\n<p><strong><a href=\"mailto:publicaciones@unab.edu.co\"><span>publicaciones@unab.edu.co<\/span><\/a><\/strong><span><\/span><\/p>\n<p>[\/et_pb_blurb][\/et_pb_column][\/et_pb_row][et_pb_row _builder_version=\u00bb4.27.5&#8243; _module_preset=\u00bbdefault\u00bb max_width=\u00bb80%\u00bb custom_margin=\u00bb||||false|false\u00bb global_colors_info=\u00bb{}\u00bb][et_pb_column type=\u00bb4_4&#8243; _builder_version=\u00bb4.16&#8243; _module_preset=\u00bbdefault\u00bb global_colors_info=\u00bb{}\u00bb][et_pb_text _builder_version=\u00bb4.27.5&#8243; _module_preset=\u00bbdefault\u00bb text_font=\u00bbAlmarai|800|||||||\u00bb text_text_color=\u00bb#D1522A\u00bb text_font_size=\u00bb25px\u00bb header_text_color=\u00bb#D1522A\u00bb header_3_font=\u00bbPoppins||||||||\u00bb header_3_text_align=\u00bbcenter\u00bb header_3_text_color=\u00bb#000000&#8243; header_3_font_size=\u00bb21px\u00bb header_3_line_height=\u00bb1.2em\u00bb custom_margin=\u00bb0em||||false|false\u00bb custom_padding=\u00bb0.5em||||false|false\u00bb global_colors_info=\u00bb{}\u00bb]<\/p>\n<h3 style=\"text-align: justify\">Radicalizaci\u00f3n ideol\u00f3gica, violencia pol\u00edtica y desconfianza institucional ponen a prueba la solidez del sistema democr\u00e1tico. A tres meses de las elecciones, el pa\u00eds se prepara para decidir su rumbo entre la incertidumbre y la esperanza.<\/h3>\n<p>[\/et_pb_text][\/et_pb_column][\/et_pb_row][et_pb_row _builder_version=\u00bb4.27.5&#8243; _module_preset=\u00bbdefault\u00bb max_width=\u00bb80%\u00bb custom_margin=\u00bb-23px|auto||auto|false|false\u00bb global_colors_info=\u00bb{}\u00bb][et_pb_column type=\u00bb4_4&#8243; _builder_version=\u00bb4.17.3&#8243; _module_preset=\u00bbdefault\u00bb global_colors_info=\u00bb{}\u00bb][et_pb_text _builder_version=\u00bb4.27.5&#8243; _module_preset=\u00bbdefault\u00bb text_font=\u00bbPoppins|300|||||||\u00bb text_text_color=\u00bb#000000&#8243; text_font_size=\u00bb17px\u00bb header_text_color=\u00bb#CE4F18&#8243; header_font_size=\u00bb28px\u00bb header_3_text_color=\u00bb#CE4F18&#8243; header_3_font_size=\u00bb1.9vw\u00bb header_3_line_height=\u00bb1.4em\u00bb text_orientation=\u00bbjustified\u00bb custom_margin=\u00bb0.5em||||false|false\u00bb hover_enabled=\u00bb0&#8243; global_colors_info=\u00bb{}\u00bb sticky_enabled=\u00bb0&#8243;]<\/p>\n<p>\u201cCuando los ciudadanos pierden la capacidad de entablar una conversaci\u00f3n y se ven unos a otros como enemigos, en lugar de como meros rivales pol\u00edticos, la democracia se vuelve insostenible\u201d.<\/p>\n<p>Esta frase, que pertenece al historiador y escritor israel\u00ed Yuval Noha Harari en su m\u00e1s reciente publicaci\u00f3n, Nexus (2024), una breve historia de las redes de informaci\u00f3n desde la Edad de Piedra hasta la IA (inteligencia artificial), encaja perfectamente en cualquier latitud en donde, todav\u00eda, este sistema pol\u00edtico permanece como la forma de gobernar los asuntos de los Estados.<\/p>\n<p>El mismo autor advierte que la humanidad se enfrentar\u00e1 por primera vez, a partir del segundo cuarto del presente siglo que inicia en enero pr\u00f3ximo, a la intervenci\u00f3n directa en los procesos democr\u00e1ticos globales de ej\u00e9rcitos de bots comandados por IA, lo que \u201cpodr\u00eda inclinar la balanza tecnol\u00f3gica del poder a favor del totalitarismo\u201d.<\/p>\n<p>\u00bfQu\u00e9 tan lejos o qu\u00e9 tan cerca est\u00e1 Colombia de que, visto desde el crisol de la revoluci\u00f3n de la informaci\u00f3n, pueda arrojarse a un escenario con visos apocal\u00edpticos? Cerca de 42 millones de ciudadanos que hacemos parte del censo electoral podremos, en el primer semestre de 2026, ir a las urnas, al menos en dos oportunidades, con el fin de renovar el Congreso de la Rep\u00fablica y elegir un nuevo presidente, o presidenta, en medio de una confrontaci\u00f3n radical entre extremos ideol\u00f3gicos, lo que no resulta ajeno a la tendencia global de menoscabo de la democracia por dentro, es decir, con el amparo de un voto a lo mejor sesgado, o en tantas otras, tal vez manipulado.<\/p>\n<p>Las tensiones institucionales han marcado, durante el actual gobierno del presidente Gustavo Petro Urrego, el primero en representaci\u00f3n de la izquierda en doscientos a\u00f1os de vida republicana, un patr\u00f3n definido desde la propia Casa de Nari\u00f1o con el objetivo de permanecer en el poder ejecutivo, participando activa y directamente a pesar de las limitaciones establecidas por las normas electorales, lo que plantea importantes desaf\u00edos de cara a las jornadas que se avecinan: estos ser\u00e1n unos comicios que pondr\u00e1n a prueba la fortaleza institucional, la legitimidad democr\u00e1tica y la cohesi\u00f3n social del pa\u00eds, entre otros.<\/p>\n<p>Dos d\u00edas antes de que la Defensor\u00eda del Pueblo, en octubre pasado, presentara el mapa de riesgos electorales por amenazas latentes en 649 territorios, el Ministerio del Interior se adelant\u00f3 a anunciar que las alertas estaban encendidas en 104 jurisdicciones, lo que puso en evidencia las claras diferencias que existen entre entidades que deber\u00edan trabajar articuladamente en procura de garantizar que las elecciones se surtan tranquilamente en cualquier rinc\u00f3n de la geograf\u00eda nacional.<\/p>\n<p>Para la defensora, Iris Mar\u00edn, el llamado de atenci\u00f3n a las autoridades busca prevenir posibles vulneraciones a los derechos humanos de tres grupos: candidatos, precandidatos y simpatizantes de partidos pol\u00edticos; personas defensoras de derechos humanos y l\u00edderes sociales; y servidores p\u00fablicos en cargos de elecci\u00f3n popular o con funciones electorales.<\/p>\n<figure class=\"wp-caption alignright\"><img decoding=\"async\" src=\"https:\/\/unab.edu.co\/cienciaabierta\/wp-content\/uploads\/2025\/12\/colombia2026-2-.jpg\" \/><\/p><figcaption class=\"wp-caption-text\">El Registrador Nacional del Estado Civil, Hern\u00e1n Penagos, advirti\u00f3 en su visita a la capital santandereana, en agosto pasado, en el marco de la Feria del Libro de Bucaramanga organizada por la Universidad UNAB, que la principal amenaza de las elecciones es la desinformaci\u00f3n. Foto: Erika D\u00edaz<\/figcaption><\/figure>\n<p>El atentado y posterior muerte del precandidato del Centro Democr\u00e1tico, Miguel Uribe Turbay, a mediados de a\u00f1o, produjo un d\u00e9j\u00e0 vu en el ambiente pol\u00edtico ante la posibilidad de retornar al cruento pasado, treinta a\u00f1os atr\u00e1s, cuando cuatro candidatos presidenciales (Jaime Pardo Leal, Luis Carlos Gal\u00e1n Sarmiento, Bernardo Jaramillo Ossa y Carlos Pizarro Leong\u00f3mez) fueron asesinados por balas de la mafia narcotraficante. La pol\u00edtica de paz total que este gobierno ha promulgado como generosa salida al eterno conflicto colombiano ha ayudado, adem\u00e1s, a crispar el ambiente previo a las elecciones, ante los exiguos resultados en esta materia.<\/p>\n<h3>Riesgos electorales<\/h3>\n<p>Seg\u00fan la Misi\u00f3n de Observaci\u00f3n Electoral (MOE), si las elecciones de 2026 se realizaran hoy, los departamentos de Cauca, Valle del Cauca, Bol\u00edvar y Norte de Santander estar\u00edan entre los m\u00e1s amenazados, debido a la presencia de grupos armados ilegales y a la persistencia de la violencia. Entre el 8 de marzo y el 8 de septiembre de 2025, la MOE ha documentado 222 hechos de violencia contra liderazgos pol\u00edticos, sociales y comunales.<\/p>\n<p>El Registrador Nacional, Hern\u00e1n Penagos Giraldo, en declaraciones a medios de comunicaci\u00f3n advirti\u00f3 que \u201clos temas de orden p\u00fablico en algunos lugares del territorio nacional que ya est\u00e1n identificados por los diferentes mapas de riesgos que se conocen y la necesidad de desplegar toda la fuerza p\u00fablica para garantizar que en esos lugares no solamente la ciudadan\u00eda pueda votar, sino que lo pueda ejercer de manera libre\u201d, env\u00eda un mensaje directo a las autoridades encargadas de velar por la tranquilidad de las elecciones en marzo y mayo, y si es el caso, para una segunda vuelta presidencial en junio.<\/p>\n<p>Hugo Acero, exasesor presidencial de las consejer\u00edas de Paz y Seguridad, cree que los frecuentes anuncios del actual gobierno en materia de conversaciones con actores armados ilegales apuntan a que \u201cse abran nuevas mesas de negociaci\u00f3n, inclusive con el ELN, y mantenerlas abiertas asegur\u00e1ndoles a todos estos grupos criminales y sus patrones que, si se logra mayor\u00eda en el Congreso y continua un aliado del gobierno en el poder, ser\u00e1n posibles los beneficios que han venido prometiendo\u201d.<\/p>\n<p>Esa situaci\u00f3n le da gasolina a la oposici\u00f3n para seguir carburando sobre su intenci\u00f3n de acortar el terreno que la izquierda ha ganado, a pesar de s\u00ed mismos, en estos tres a\u00f1os largos de ostentar el poder. El llamado \u2018al orden\u2019 suele ser muy atractivo a la hora de sumar seguidores as\u00ed haya que sacrificar libertades. Ambas fuerzas se medir\u00e1n en marzo, cada una, para escoger el candidato que vaya a la primera vuelta presidencial. El progresismo buscar\u00e1, en lo que ha denominado como el Frente Amplio, al sucesor de Gustavo Petro, mientras que la derecha, por medio de una megaconsulta interpartidista, intentar\u00e1 salirle al paso con una figura que le haga contrapeso.<\/p>\n<p>En el camino quedar\u00e1n las decenas de aspirantes que pusieron sus nombres a sonar como muestra de una democracia amplia, para unos, o de una feria de avales, para otros. La suma de m\u00e1s de cien precandidatos o candidatos no deja de ser la muestra de una democracia, por lo menos, ex\u00f3tica.<\/p>\n<p>Melba Escobar, la periodista y escritora cale\u00f1a, describe esa sensaci\u00f3n de vac\u00edo que, de calle en calle, de conversaci\u00f3n en conversaci\u00f3n, agobia la psiquis de los colombianos: \u201cNo creo que sea exagerado decir que como naci\u00f3n estamos hu\u00e9rfanos. Hu\u00e9rfanos de una figura que inspire, entendiendo esta como la de un adulto responsable que sabe tomar las decisiones correctas para la mayor\u00eda de los ciudadanos y respetando la democracia, por encima de su ego, sus peleas personales, su frustraci\u00f3n, su resentimiento, su codicia y su rencorosa miseria\u201d<\/p>\n<p>[\/et_pb_text][\/et_pb_column][\/et_pb_row][\/et_pb_section]<\/p>\n","protected":false},"excerpt":{"rendered":"<p>Colombia 2026: la democracia frente al espejo de la desinformaci\u00f3n y la polarizaci\u00f3nDirector Direcci\u00f3n de Comunicaci\u00f3n Organizacional UNAB. Periodista con Maestr\u00eda en Comunicaci\u00f3n Digital y Especializaci\u00f3n en Periodismo Electr\u00f3nico. publicaciones@unab.edu.coRadicalizaci\u00f3n ideol\u00f3gica, violencia pol\u00edtica y desconfianza institucional ponen a prueba la solidez del sistema democr\u00e1tico. A tres meses de las elecciones, el pa\u00eds se prepara para [&hellip;]<\/p>\n","protected":false},"author":2,"featured_media":0,"comment_status":"closed","ping_status":"closed","sticky":false,"template":"","format":"standard","meta":{"_et_pb_use_builder":"on","_et_pb_old_content":"","_et_gb_content_width":"2880","footnotes":""},"categories":[18],"tags":[],"class_list":["post-1947","post","type-post","status-publish","format-standard","hentry","category-edicion-10"],"_links":{"self":[{"href":"https:\/\/unab.edu.co\/cienciaabierta\/wp-json\/wp\/v2\/posts\/1947","targetHints":{"allow":["GET"]}}],"collection":[{"href":"https:\/\/unab.edu.co\/cienciaabierta\/wp-json\/wp\/v2\/posts"}],"about":[{"href":"https:\/\/unab.edu.co\/cienciaabierta\/wp-json\/wp\/v2\/types\/post"}],"author":[{"embeddable":true,"href":"https:\/\/unab.edu.co\/cienciaabierta\/wp-json\/wp\/v2\/users\/2"}],"replies":[{"embeddable":true,"href":"https:\/\/unab.edu.co\/cienciaabierta\/wp-json\/wp\/v2\/comments?post=1947"}],"version-history":[{"count":31,"href":"https:\/\/unab.edu.co\/cienciaabierta\/wp-json\/wp\/v2\/posts\/1947\/revisions"}],"predecessor-version":[{"id":2175,"href":"https:\/\/unab.edu.co\/cienciaabierta\/wp-json\/wp\/v2\/posts\/1947\/revisions\/2175"}],"wp:attachment":[{"href":"https:\/\/unab.edu.co\/cienciaabierta\/wp-json\/wp\/v2\/media?parent=1947"}],"wp:term":[{"taxonomy":"category","embeddable":true,"href":"https:\/\/unab.edu.co\/cienciaabierta\/wp-json\/wp\/v2\/categories?post=1947"},{"taxonomy":"post_tag","embeddable":true,"href":"https:\/\/unab.edu.co\/cienciaabierta\/wp-json\/wp\/v2\/tags?post=1947"}],"curies":[{"name":"wp","href":"https:\/\/api.w.org\/{rel}","templated":true}]}}