{"id":1959,"date":"2025-11-28T15:44:36","date_gmt":"2025-11-28T20:44:36","guid":{"rendered":"https:\/\/unab.edu.co\/cienciaabierta\/?p=1959"},"modified":"2026-01-20T10:26:21","modified_gmt":"2026-01-20T15:26:21","slug":"cuando-la-patria-se-hereda-la-investigacion-da-voz-a-las-familias-transnacionales","status":"publish","type":"post","link":"https:\/\/unab.edu.co\/cienciaabierta\/cuando-la-patria-se-hereda-la-investigacion-da-voz-a-las-familias-transnacionales\/","title":{"rendered":"Cuando la patria se hereda: la investigaci\u00f3n da voz a las familias transnacionales"},"content":{"rendered":"<p>[et_pb_section fb_built=\u00bb1&#8243; custom_padding_last_edited=\u00bbon|desktop\u00bb _builder_version=\u00bb4.27.5&#8243; _module_preset=\u00bbdefault\u00bb background_color=\u00bb#D6D6D6&#8243; background_image=\u00bbhttps:\/\/unab.edu.co\/cienciaabierta\/wp-content\/uploads\/2025\/12\/Territoriodemocracia_01.jpg\u00bb parallax=\u00bbon\u00bb background_blend=\u00bbmultiply\u00bb width=\u00bb100%\u00bb max_width=\u00bb100%\u00bb min_height=\u00bb550px\u00bb min_height_tablet=\u00bb510px\u00bb min_height_phone=\u00bb400px\u00bb min_height_last_edited=\u00bbon|phone\u00bb height=\u00bb1000px\u00bb max_height=\u00bb510px\u00bb custom_margin=\u00bb||||false|false\u00bb custom_margin_tablet=\u00bb||||false|false\u00bb custom_margin_phone=\u00bb||||false|false\u00bb custom_margin_last_edited=\u00bbon|desktop\u00bb custom_padding=\u00bb54px|0px|||false|false\u00bb custom_padding_tablet=\u00bb54px|0px|||false|false\u00bb custom_padding_phone=\u00bb54px|0px|||false|false\u00bb background_last_edited=\u00bbon|phone\u00bb box_shadow_style=\u00bbpreset2&#8243; locked=\u00bboff\u00bb global_colors_info=\u00bb{}\u00bb][et_pb_row _builder_version=\u00bb4.20.4&#8243; _module_preset=\u00bbdefault\u00bb global_colors_info=\u00bb{}\u00bb][et_pb_column type=\u00bb4_4&#8243; _builder_version=\u00bb4.16&#8243; _module_preset=\u00bbdefault\u00bb global_colors_info=\u00bb{}\u00bb][et_pb_text _builder_version=\u00bb4.27.4&#8243; _module_preset=\u00bbdefault\u00bb header_font=\u00bbPoppins|700|||||||\u00bb header_text_color=\u00bb#FFFFFF\u00bb header_font_size=\u00bb46px\u00bb header_line_height=\u00bb1.2em\u00bb max_width=\u00bb100%\u00bb module_alignment=\u00bbcenter\u00bb custom_margin=\u00bb||0.5em||false|false\u00bb custom_padding=\u00bb15em||0.5em||false|false\u00bb custom_padding_tablet=\u00bb20em||||false|false\u00bb custom_padding_phone=\u00bb18em||||false|false\u00bb custom_padding_last_edited=\u00bbon|desktop\u00bb header_font_tablet=\u00bbPoppins|700|||||||\u00bb header_font_phone=\u00bbPoppins|700|||||||\u00bb header_font_last_edited=\u00bbon|tablet\u00bb header_font_size_tablet=\u00bb32px\u00bb header_font_size_phone=\u00bb25px\u00bb header_font_size_last_edited=\u00bbon|phone\u00bb header_text_shadow_style=\u00bbpreset3&#8243; header_text_shadow_color=\u00bbrgba(0,0,0,0.8)\u00bb border_color_bottom=\u00bb#CE4F18&#8243; locked=\u00bboff\u00bb global_colors_info=\u00bb{}\u00bb header_font_size__hover_enabled=\u00bboff|desktop\u00bb header_font_size__hover=\u00bb50px\u00bb width__hover_enabled=\u00bbon|desktop\u00bb max_width__hover_enabled=\u00bbon|hover\u00bb max_width__hover=\u00bb100%\u00bb]<\/p>\n<h1 style=\"text-align: center\"><b>Cuando la patria se hereda: la investigaci\u00f3n da voz a las familias transnacionales<\/b><\/h1>\n<p>[\/et_pb_text][\/et_pb_column][\/et_pb_row][\/et_pb_section][et_pb_section fb_built=\u00bb1&#8243; _builder_version=\u00bb4.16&#8243; _module_preset=\u00bbdefault\u00bb locked=\u00bboff\u00bb global_colors_info=\u00bb{}\u00bb][et_pb_row _builder_version=\u00bb4.27.5&#8243; _module_preset=\u00bbdefault\u00bb width=\u00bb100%\u00bb max_width=\u00bb95%\u00bb custom_margin=\u00bb||||false|false\u00bb custom_padding=\u00bb0em||0em||true|false\u00bb locked=\u00bboff\u00bb global_colors_info=\u00bb{}\u00bb][et_pb_column type=\u00bb4_4&#8243; _builder_version=\u00bb4.27.2&#8243; _module_preset=\u00bbdefault\u00bb global_colors_info=\u00bb{}\u00bb][et_pb_button button_url=\u00bb@ET-DC@eyJkeW5hbWljIjp0cnVlLCJjb250ZW50IjoicG9zdF9saW5rX3VybF9wYWdlIiwic2V0dGluZ3MiOnsicG9zdF9pZCI6IjIxMzkiLCJlbmFibGVfaHRtbCI6Im9mZiJ9fQ==@\u00bb button_text=\u00bbVolver a la Edici\u00f3n 10&#8243; button_alignment=\u00bbleft\u00bb _builder_version=\u00bb4.27.5&#8243; _dynamic_attributes=\u00bbbutton_url\u00bb _module_preset=\u00bbdefault\u00bb custom_button=\u00bbon\u00bb button_text_color=\u00bb#CE4F18&#8243; button_bg_color=\u00bbRGBA(255,255,255,0)\u00bb button_border_color=\u00bbRGBA(255,255,255,0)\u00bb button_font=\u00bbPoppins|700|||||||\u00bb button_icon=\u00bb&#x38;||divi||400&#8243; button_icon_placement=\u00bbleft\u00bb button_on_hover=\u00bboff\u00bb global_colors_info=\u00bb{}\u00bb][\/et_pb_button][\/et_pb_column][\/et_pb_row][et_pb_row column_structure=\u00bb1_3,2_3&#8243; use_custom_gutter=\u00bbon\u00bb gutter_width=\u00bb2&#8243; _builder_version=\u00bb4.27.5&#8243; _module_preset=\u00bbdefault\u00bb background_color=\u00bb#f8f8f8&#8243; width=\u00bb100%\u00bb max_width=\u00bb100%\u00bb custom_margin=\u00bb||||false|true\u00bb custom_padding=\u00bb1%|10%|1%|10%|true|true\u00bb global_colors_info=\u00bb{}\u00bb][et_pb_column type=\u00bb1_3&#8243; _builder_version=\u00bb4.27.4&#8243; _module_preset=\u00bbdefault\u00bb global_colors_info=\u00bb{}\u00bb][et_pb_blurb title=\u00bbPor Xiomara Karina Monta\u00f1ez Monsalve \u00bb image=\u00bbhttps:\/\/unab.edu.co\/wp-content\/uploads\/2020\/07\/Picture_437.jpeg\u00bb icon_placement=\u00bbleft\u00bb image_icon_width=\u00bb90px\u00bb module_class=\u00bbblurb-img-90&#8243; _builder_version=\u00bb4.27.5&#8243; _module_preset=\u00bbdefault\u00bb header_font=\u00bb|600|||||||\u00bb header_font_size=\u00bb14px\u00bb header_line_height=\u00bb1.2em\u00bb body_font_size=\u00bb13px\u00bb body_line_height=\u00bb1.3em\u00bb body_link_text_color=\u00bb#E09900&#8243; background_color=\u00bb#FFFFFF\u00bb custom_padding=\u00bb1em|0.9em|1em|0.9em|true|true\u00bb custom_css_free_form=\u00bb\/* Forzar contenedor cuadrado *\/||.blurb-img-90 .et_pb_main_blurb_image span {||  width: 90px;||  height: 90px;||  display: block;||}||||\/* Imagen circular real *\/||.blurb-img-90 .et_pb_main_blurb_image img {||  width: 90px;||  height: 90px;||  border-radius: 50% !important;||  object-fit: cover;||  display: block;||}||\u00bb border_radii=\u00bbon|5px|5px|5px|5px\u00bb border_width_all=\u00bb1px\u00bb border_color_all=\u00bb#FFFFFF\u00bb global_colors_info=\u00bb{}\u00bb]<\/p>\n<p><span>Editora Ciencia Abierta. Comunicadora Social y Periodista, mag\u00edster en Ciencia Pol\u00edtica y especialista en Educaci\u00f3n para las Nuevas Tecnolog\u00edas.<\/span><\/p>\n<p><strong><a href=\"mailto:publicaciones@unab.edu.co\"><span>publicaciones@unab.edu.co<\/span><\/a><\/strong><span><\/span><\/p>\n<p>[\/et_pb_blurb][\/et_pb_column][et_pb_column type=\u00bb2_3&#8243; _builder_version=\u00bb4.27.4&#8243; _module_preset=\u00bbdefault\u00bb global_colors_info=\u00bb{}\u00bb][et_pb_text _builder_version=\u00bb4.27.5&#8243; _module_preset=\u00bbdefault\u00bb text_font=\u00bbPoppins|300|||||||\u00bb text_text_color=\u00bb#000000&#8243; link_font=\u00bb||||on||||\u00bb link_text_color=\u00bb#CE4F18&#8243; ul_text_color=\u00bb#E09900&#8243; ul_line_height=\u00bb1.5em\u00bb header_text_color=\u00bb#CE4F18&#8243; header_font_size=\u00bb28px\u00bb header_3_font=\u00bb|700|||||||\u00bb header_3_text_color=\u00bb#000000&#8243; header_3_font_size=\u00bb17px\u00bb custom_margin=\u00bb0.5em||1px||false|false\u00bb custom_padding=\u00bb||1em||false|false\u00bb hover_enabled=\u00bb0&#8243; locked=\u00bboff\u00bb global_colors_info=\u00bb{}\u00bb sticky_enabled=\u00bb0&#8243;]<\/p>\n<h3 style=\"text-align: justify\">Proyecto asociado<\/h3>\n<ul>\n<li><a href=\"https:\/\/apolo.unab.edu.co\/en\/projects\/el-retorno-desde-venezuela-en-familias-transnacionales-narracione\/ \" target=\"_blank\" data-saferedirecturl=\"https:\/\/www.google.com\/url?q=https:\/\/apolo.unab.edu.co\/en\/projects\/el-derecho-a-la-memoria-y-la-reparaci%25C3%25B3n-a-partir-de-un-enfoque-di\/&amp;source=gmail&amp;ust=1766073413448000&amp;usg=AOvVaw2CcuxNJ9PyUH193AFVtjaT\" rel=\"noopener\">El retorno desde Venezuela en familias transnacionales: narraciones femeninas de la migraci\u00f3n circular en Colombia y Espa\u00f1a<\/a><\/li>\n<\/ul>\n<ul><\/ul>\n<p>[\/et_pb_text][\/et_pb_column][\/et_pb_row][et_pb_row _builder_version=\u00bb4.27.5&#8243; _module_preset=\u00bbdefault\u00bb max_width=\u00bb80%\u00bb custom_margin=\u00bb||||false|false\u00bb global_colors_info=\u00bb{}\u00bb][et_pb_column type=\u00bb4_4&#8243; _builder_version=\u00bb4.16&#8243; _module_preset=\u00bbdefault\u00bb global_colors_info=\u00bb{}\u00bb][et_pb_text _builder_version=\u00bb4.27.5&#8243; _module_preset=\u00bbdefault\u00bb text_font=\u00bbAlmarai|800|||||||\u00bb text_text_color=\u00bb#D1522A\u00bb text_font_size=\u00bb25px\u00bb header_text_color=\u00bb#D1522A\u00bb header_3_font=\u00bbPoppins||||||||\u00bb header_3_text_align=\u00bbcenter\u00bb header_3_text_color=\u00bb#000000&#8243; header_3_font_size=\u00bb21px\u00bb header_3_line_height=\u00bb1.2em\u00bb custom_margin=\u00bb0em||||false|false\u00bb custom_padding=\u00bb0.5em||||false|false\u00bb global_colors_info=\u00bb{}\u00bb]<\/p>\n<h3 style=\"text-align: justify\">Desde la UNAB se lidera un proyecto binacional sobre las identidades heredadas de mujeres y familias que han migrado entre Colombia, Venezuela y Espa\u00f1a. Su estudio combina metodolog\u00eda cualitativa, memoria oral y creaci\u00f3n sonora para narrar la migraci\u00f3n.<\/h3>\n<p>[\/et_pb_text][\/et_pb_column][\/et_pb_row][et_pb_row _builder_version=\u00bb4.27.5&#8243; _module_preset=\u00bbdefault\u00bb max_width=\u00bb80%\u00bb custom_margin=\u00bb-23px|auto||auto|false|false\u00bb global_colors_info=\u00bb{}\u00bb][et_pb_column type=\u00bb4_4&#8243; _builder_version=\u00bb4.17.3&#8243; _module_preset=\u00bbdefault\u00bb global_colors_info=\u00bb{}\u00bb][et_pb_text _builder_version=\u00bb4.27.5&#8243; _module_preset=\u00bbdefault\u00bb text_font=\u00bbPoppins|300|||||||\u00bb text_text_color=\u00bb#000000&#8243; text_font_size=\u00bb17px\u00bb header_text_color=\u00bb#CE4F18&#8243; header_font_size=\u00bb28px\u00bb header_3_text_color=\u00bb#CE4F18&#8243; header_3_font_size=\u00bb1.9vw\u00bb header_3_line_height=\u00bb1.4em\u00bb text_orientation=\u00bbjustified\u00bb custom_margin=\u00bb0.5em||||false|false\u00bb hover_enabled=\u00bb0&#8243; global_colors_info=\u00bb{}\u00bb sticky_enabled=\u00bb0&#8243;]<\/p>\n<p>\u201c\u00bfDe d\u00f3nde soy? \u00bfA qu\u00e9 pa\u00eds pertenezco? \u00bfDebo regresar al lugar en el que nac\u00ed o hacer una nueva vida en el pa\u00eds al que migr\u00e9?\u201d. Estas preguntas, sencillas y profundas, siempre acompa\u00f1an a quienes retornan a sus pa\u00edses de origen despu\u00e9s de cruzar fronteras, a quienes llevan en el coraz\u00f3n dos himnos, dos acentos y una misma nostalgia.<\/p>\n<figure class=\"wp-caption alignright\"><img decoding=\"async\" src=\"https:\/\/unab.edu.co\/cienciaabierta\/wp-content\/uploads\/2025\/12\/Territoriodemocracia_01.jpg\" \/><\/p><figcaption class=\"wp-caption-text\">Mar\u00eda Catalina C\u00e1ceres Valero y Karol Dayana Guar\u00edn N\u00fa\u00f1ez, estudiantes del Semillero CUME, junto a la profesora e investigadora del programa de Comunicaci\u00f3n Social, Ysabel Brice\u00f1o Romero. Foto: \u00c9rika D\u00edaz Rangel<\/figcaption><\/figure>\n<p>En un tiempo en que las migraciones siguen trazando la historia de Am\u00e9rica Latina, un grupo de acad\u00e9micas impulsa una investigaci\u00f3n que une datos, relatos humanos y voces de mujeres retornadas, para reconstruir identidad entre los recuerdos heredados y los nuevos comienzos.<\/p>\n<p>Al preguntarle a Ysabel Cristina Brice\u00f1o Romero, investigadora en el proyecto y profesora del programa de Comunicaci\u00f3n Social de la Universidad UNAB, sobre lo que significa para ella como migrante este trabajo, su mirada se llena de esperanza y su relato se carga de empat\u00eda, pues reconoce que es necesario como ciudadanos de cualquier pa\u00eds ver m\u00e1s all\u00e1 de los mapas y reconocer que la verdadera pertenencia no est\u00e1 en un territorio, sino en los v\u00ednculos que nos sostienen, en las memorias que, aunque viajen, nunca dejan de ser hogar.<\/p>\n<p>\u201cMi pap\u00e1 recuerda las luces de Navidad de 1973, cuando cruz\u00f3 la frontera de Colombia a Venezuela en la parte de atr\u00e1s de un cami\u00f3n. No sab\u00edamos que ese viaje marcar\u00eda para siempre nuestra historia\u201d, dice uno de los testimonios recolectados como parte del proyecto llamado: El retorno desde Venezuela en familias transnacionales: narraciones femeninas de la migraci\u00f3n circular en Colombia y Espa\u00f1a. Este es adelantado desde Bucaramanga por Brice\u00f1o Romero (Universidad UNAB) y Mairene Tob\u00f3n Ospino (Fundaci\u00f3n Entre Dos Tierras), y desde Espa\u00f1a por Carmen Aid\u00e9 Valecillos y Cristina L\u00f3pez Navas (Universidad Complutense de Madrid).<\/p>\n<p>La investigaci\u00f3n se centra en la relaci\u00f3n migratoria entre Colombia, Venezuela y Espa\u00f1a, pa\u00edses que han compartido intensos flujos de movilidad humana a lo largo del siglo XX. Venezuela, en particular, fue un pa\u00eds receptor durante gran parte de ese periodo, con pol\u00edticas abiertas a la migraci\u00f3n. Adem\u00e1s de la llegada de comunidades espa\u00f1olas, italianas y portuguesas, entre otras, recibi\u00f3 una numerosa poblaci\u00f3n colombiana. En la d\u00e9cada de 1980, los censos reflejan cifras casi equivalentes a m\u00e1s de 95 mil colombianos y m\u00e1s de 80 mil espa\u00f1oles que resid\u00edan en Venezuela.<\/p>\n<p>Ese intercambio constante de personas, culturas y lenguas dio origen a generaciones con identidades m\u00faltiples. Sin embargo, el deterioro de las condiciones sociales y econ\u00f3micas en Venezuela a partir de 2010, ha impulsado un fen\u00f3meno inverso conocido como el retorno transgeneracional; es decir, hijos o nietos de migrantes que regresan al pa\u00eds de sus padres o abuelos, buscando reconstruir su historia y su pertenencia.<\/p>\n<figure class=\"wp-caption alignleft\"><img decoding=\"async\" src=\"https:\/\/unab.edu.co\/cienciaabierta\/wp-content\/uploads\/2025\/12\/Territoriodemocracia_02.jpg\" \/><\/p><figcaption class=\"wp-caption-text\">Como parte de las actividades de la investigaci\u00f3n, las mujeres participantes deben marcar en un mapa el recorrido de sus familias. Foto: Suministrada<\/figcaption><\/figure>\n<p>Es por esto que, el equipo investigador busca comprender c\u00f3mo viven y sienten las mujeres la migraci\u00f3n circular entre estos pa\u00edses, a trav\u00e9s de historias y recuerdos. La idea es ver m\u00e1s all\u00e1 de las cifras y entender qu\u00e9 motiv\u00f3 a las participantes en el estudio a irse, a quedarse o retornar a sus pa\u00edses de origen, seg\u00fan el momento hist\u00f3rico que les toc\u00f3 vivir.<\/p>\n<p>Si bien es un trabajo que se adentra en los contextos sociales, pol\u00edticos y culturales que han marcado dichas oleadas migratorias, sobre todo analiza el relato \u00edntimo y emocional de las mujeres que han retornado desde Venezuela. Como asegura Ysabel Brice\u00f1o Romero, sus voces revelan c\u00f3mo se entrelazan la identidad heredada, la nostalgia y el sentido de pertenencia, y buscan que sus testimonios sean escuchados y compartidos, para dar rostro y memoria a una historia que, aunque muchas veces se repite, siempre tiene un tono distinto cuando la cuentan ellas.<\/p>\n<p>\u201cYo ten\u00eda como investigadora una deuda con el tema de migraci\u00f3n, pero me parec\u00eda que mi perspectiva pod\u00eda perturbar un poco la interpretaci\u00f3n desde el principio. Entonces, le di tiempo al tema. De hecho, yo trabajaba en migraci\u00f3n cuando fui auxiliar de investigaci\u00f3n en pregrado en la ciudad de <span>San Crist\u00f3bal (T\u00e1chira, Venezuela)<\/span>, pero esto me sobrepas\u00f3\u201d, explica Brice\u00f1o Romero.<\/p>\n<p>Desde los a\u00f1os setenta del siglo pasado, especialmente a partir de los movimientos migratorios posteriores a la Segunda Guerra Mundial, como recuerda esta investigadora, las ciencias sociales han estudiado c\u00f3mo los movimientos migratorios generan segundas generaciones que construyen una identidad heredada, \u201cuna especie de puente entre el pa\u00eds que se cuenta o se narra -el que los padres evocan con nostalgia-, y el pa\u00eds que se vive y donde las nuevas generaciones crecen y se reconocen, lo cual me conmovi\u00f3 al profundizar en este y otros conceptos\u201d, a\u00f1ade esta profesora.<\/p>\n<h3>Enfoque de g\u00e9nero<\/h3>\n<p>Uno de los aportes m\u00e1s significativos del proyecto es su enfoque de g\u00e9nero. Todas las integrantes del equipo son mujeres, venezolanas, colombianas y espa\u00f1olas, y decidieron abordar la migraci\u00f3n desde esa perspectiva, ya que \u201cla mujer ha sido invisibilizada en la interpretaci\u00f3n del fen\u00f3meno migratorio\u201d, dice Brice\u00f1o, \u201cpero es decisiva, pues muchas veces impulsa la movilidad o sostiene el hogar cuando el hombre migra\u201d.<\/p>\n<p>De acuerdo con la Agencia de la ONU para los Refugiados (Acnur), hasta mayo de 2025 m\u00e1s de 7,9 millones de personas hab\u00edan salido de Venezuela hacia distintos destinos en el mundo. En Colombia, principal pa\u00eds receptor de Am\u00e9rica Latina, residen 2.815.611 venezolanos, seg\u00fan cifras de Migraci\u00f3n Colombia con corte al 31 de diciembre de 2024. De esa poblaci\u00f3n, el 51,85 % son mujeres. Una situaci\u00f3n similar se presenta en Espa\u00f1a, donde la comunidad venezolana ocupa el tercer lugar entre los 20 grupos migrantes m\u00e1s numerosos del pa\u00eds, con 599.769 personas registradas a enero de 2024, de acuerdo con el Servicio Jesuita a Migrantes (SJM). En este caso, las mujeres representan el 54,25 % del total, lo que evidencia el papel protag\u00f3nico del g\u00e9nero femenino en los flujos migratorios recientes.<\/p>\n<p>La migraci\u00f3n con enfoque en las mujeres hizo que el equipo centrara las entrevistas en mujeres nacidas o criadas en Venezuela, con padres colombianos o espa\u00f1oles, que retornaron a alguno de esos pa\u00edses en los \u00faltimos 15 a\u00f1os. Cada testimonio permiti\u00f3 comprender c\u00f3mo se construye la identidad cuando el hogar y los afectos est\u00e1n repartidos entre dos geograf\u00edas.<\/p>\n<figure class=\"wp-caption alignright\"><img decoding=\"async\" src=\"https:\/\/unab.edu.co\/cienciaabierta\/wp-content\/uploads\/2025\/12\/Territoriodemocracia_03.jpg\" \/><\/p><figcaption class=\"wp-caption-text\">Ysabel Brice\u00f1o (coordinadora del Proyecto) Yolibeth Pinz\u00f3n (mujer entrevistada), Mar\u00eda Catalina C\u00e1ceres Valero (estudiante de Semillero CUME), Claudia Alba (mujer entrevistada), y Karol Dayana Guar\u00edn N\u00fa\u00f1ez (estudiante de Semillero CUME). Foto: Suministrada<\/figcaption><\/figure>\n<p>La investigaci\u00f3n adopta una metodolog\u00eda cualitativa y narrativa, basada en el relato familiar y la reconstrucci\u00f3n de la memoria. Las participantes son invitadas a \u201ccartografiar\u201d su historia a trav\u00e9s de mapas y l\u00edneas de tiempo, en las que ubican las rutas de migraci\u00f3n de sus padres y abuelos. Tambi\u00e9n se indaga por los espacios simb\u00f3licos del hogar con preguntas como: \u201c\u00bfEn tu casa hab\u00eda un rinc\u00f3n donde se dijera esto es una familia espa\u00f1ola?\u201d, y por los objetos que conservan la memoria de la partida.<\/p>\n<p>Hasta ahora, las conversaciones han revelado no solo datos, sino emociones. \u201cSurgen recuerdos interesant\u00edsimos. Muchas dicen que es como exorcizar algo de lo que nunca se hablaba en casa\u201d, comenta la profesora Ysabel Brice\u00f1o.<\/p>\n<p>Las categor\u00edas de an\u00e1lisis incluyen razones para migrar, identidad territorial, emocionalidad y g\u00e9nero. As\u00ed, la investigaci\u00f3n documenta procesos migratorios, las formas \u00edntimas en que las personas sienten el desarraigo y la pertenencia<\/p>\n<p>[\/et_pb_text][\/et_pb_column][\/et_pb_row][\/et_pb_section]<\/p>\n","protected":false},"excerpt":{"rendered":"<p>Cuando la patria se hereda: la investigaci\u00f3n da voz a las familias transnacionalesEditora Ciencia Abierta. Comunicadora Social y Periodista, mag\u00edster en Ciencia Pol\u00edtica y especialista en Educaci\u00f3n para las Nuevas Tecnolog\u00edas. publicaciones@unab.edu.coProyecto asociado El retorno desde Venezuela en familias transnacionales: narraciones femeninas de la migraci\u00f3n circular en Colombia y Espa\u00f1a Desde la UNAB se lidera [&hellip;]<\/p>\n","protected":false},"author":2,"featured_media":0,"comment_status":"closed","ping_status":"closed","sticky":false,"template":"","format":"standard","meta":{"_et_pb_use_builder":"on","_et_pb_old_content":"","_et_gb_content_width":"2880","footnotes":""},"categories":[18],"tags":[],"class_list":["post-1959","post","type-post","status-publish","format-standard","hentry","category-edicion-10"],"_links":{"self":[{"href":"https:\/\/unab.edu.co\/cienciaabierta\/wp-json\/wp\/v2\/posts\/1959","targetHints":{"allow":["GET"]}}],"collection":[{"href":"https:\/\/unab.edu.co\/cienciaabierta\/wp-json\/wp\/v2\/posts"}],"about":[{"href":"https:\/\/unab.edu.co\/cienciaabierta\/wp-json\/wp\/v2\/types\/post"}],"author":[{"embeddable":true,"href":"https:\/\/unab.edu.co\/cienciaabierta\/wp-json\/wp\/v2\/users\/2"}],"replies":[{"embeddable":true,"href":"https:\/\/unab.edu.co\/cienciaabierta\/wp-json\/wp\/v2\/comments?post=1959"}],"version-history":[{"count":8,"href":"https:\/\/unab.edu.co\/cienciaabierta\/wp-json\/wp\/v2\/posts\/1959\/revisions"}],"predecessor-version":[{"id":2174,"href":"https:\/\/unab.edu.co\/cienciaabierta\/wp-json\/wp\/v2\/posts\/1959\/revisions\/2174"}],"wp:attachment":[{"href":"https:\/\/unab.edu.co\/cienciaabierta\/wp-json\/wp\/v2\/media?parent=1959"}],"wp:term":[{"taxonomy":"category","embeddable":true,"href":"https:\/\/unab.edu.co\/cienciaabierta\/wp-json\/wp\/v2\/categories?post=1959"},{"taxonomy":"post_tag","embeddable":true,"href":"https:\/\/unab.edu.co\/cienciaabierta\/wp-json\/wp\/v2\/tags?post=1959"}],"curies":[{"name":"wp","href":"https:\/\/api.w.org\/{rel}","templated":true}]}}