{"id":1986,"date":"2025-11-28T16:01:49","date_gmt":"2025-11-28T21:01:49","guid":{"rendered":"https:\/\/unab.edu.co\/cienciaabierta\/?p=1986"},"modified":"2025-12-17T17:10:07","modified_gmt":"2025-12-17T22:10:07","slug":"las-mujeres-taxistas-que-se-convirtieron-en-lideresas-al-volante","status":"publish","type":"post","link":"https:\/\/unab.edu.co\/cienciaabierta\/las-mujeres-taxistas-que-se-convirtieron-en-lideresas-al-volante\/","title":{"rendered":"Las mujeres taxistas que se convirtieron en lideresas al volante"},"content":{"rendered":"<p>[et_pb_section fb_built=\u00bb1&#8243; custom_padding_last_edited=\u00bbon|desktop\u00bb _builder_version=\u00bb4.27.5&#8243; _module_preset=\u00bbdefault\u00bb background_color=\u00bb#D6D6D6&#8243; background_image=\u00bbhttps:\/\/unab.edu.co\/cienciaabierta\/wp-content\/uploads\/2025\/12\/taxi-1.jpg\u00bb parallax=\u00bbon\u00bb background_blend=\u00bbmultiply\u00bb width=\u00bb100%\u00bb max_width=\u00bb100%\u00bb min_height=\u00bb550px\u00bb min_height_tablet=\u00bb510px\u00bb min_height_phone=\u00bb400px\u00bb min_height_last_edited=\u00bbon|phone\u00bb height=\u00bb1000px\u00bb max_height=\u00bb510px\u00bb custom_margin=\u00bb||||false|false\u00bb custom_margin_tablet=\u00bb||||false|false\u00bb custom_margin_phone=\u00bb||||false|false\u00bb custom_margin_last_edited=\u00bbon|desktop\u00bb custom_padding=\u00bb54px|0px|||false|false\u00bb custom_padding_tablet=\u00bb54px|0px|||false|false\u00bb custom_padding_phone=\u00bb54px|0px|||false|false\u00bb background_last_edited=\u00bbon|phone\u00bb box_shadow_style=\u00bbpreset2&#8243; locked=\u00bboff\u00bb global_colors_info=\u00bb{}\u00bb][et_pb_row _builder_version=\u00bb4.20.4&#8243; _module_preset=\u00bbdefault\u00bb global_colors_info=\u00bb{}\u00bb][et_pb_column type=\u00bb4_4&#8243; _builder_version=\u00bb4.16&#8243; _module_preset=\u00bbdefault\u00bb global_colors_info=\u00bb{}\u00bb][et_pb_text _builder_version=\u00bb4.27.4&#8243; _module_preset=\u00bbdefault\u00bb header_font=\u00bbPoppins|700|||||||\u00bb header_text_color=\u00bb#FFFFFF\u00bb header_font_size=\u00bb46px\u00bb header_line_height=\u00bb1.2em\u00bb max_width=\u00bb100%\u00bb module_alignment=\u00bbcenter\u00bb custom_margin=\u00bb||0.5em||false|false\u00bb custom_padding=\u00bb15em||0.5em||false|false\u00bb custom_padding_tablet=\u00bb20em||||false|false\u00bb custom_padding_phone=\u00bb18em||||false|false\u00bb custom_padding_last_edited=\u00bbon|desktop\u00bb header_font_tablet=\u00bbPoppins|700|||||||\u00bb header_font_phone=\u00bbPoppins|700|||||||\u00bb header_font_last_edited=\u00bbon|tablet\u00bb header_font_size_tablet=\u00bb32px\u00bb header_font_size_phone=\u00bb25px\u00bb header_font_size_last_edited=\u00bbon|phone\u00bb header_text_shadow_style=\u00bbpreset3&#8243; header_text_shadow_color=\u00bbrgba(0,0,0,0.8)\u00bb border_color_bottom=\u00bb#CE4F18&#8243; locked=\u00bboff\u00bb global_colors_info=\u00bb{}\u00bb header_font_size__hover_enabled=\u00bboff|desktop\u00bb header_font_size__hover=\u00bb50px\u00bb width__hover_enabled=\u00bbon|desktop\u00bb max_width__hover_enabled=\u00bbon|hover\u00bb max_width__hover=\u00bb100%\u00bb]<\/p>\n<h1 style=\"text-align: center;\"><b>Las mujeres taxistas que se convirtieron en lideresas al volante<\/b><\/h1>\n<p>[\/et_pb_text][\/et_pb_column][\/et_pb_row][\/et_pb_section][et_pb_section fb_built=\u00bb1&#8243; _builder_version=\u00bb4.16&#8243; _module_preset=\u00bbdefault\u00bb locked=\u00bboff\u00bb global_colors_info=\u00bb{}\u00bb][et_pb_row _builder_version=\u00bb4.27.5&#8243; _module_preset=\u00bbdefault\u00bb width=\u00bb100%\u00bb max_width=\u00bb95%\u00bb custom_margin=\u00bb||||false|false\u00bb custom_padding=\u00bb0em||0em||true|false\u00bb locked=\u00bboff\u00bb global_colors_info=\u00bb{}\u00bb][et_pb_column type=\u00bb4_4&#8243; _builder_version=\u00bb4.27.2&#8243; _module_preset=\u00bbdefault\u00bb global_colors_info=\u00bb{}\u00bb][et_pb_button button_url=\u00bb@ET-DC@eyJkeW5hbWljIjp0cnVlLCJjb250ZW50IjoicG9zdF9saW5rX3VybF9wYWdlIiwic2V0dGluZ3MiOnsicG9zdF9pZCI6IjIxMzkifX0=@\u00bb button_text=\u00bbVolver a la Edici\u00f3n 10&#8243; button_alignment=\u00bbleft\u00bb _builder_version=\u00bb4.27.5&#8243; _dynamic_attributes=\u00bbbutton_url\u00bb _module_preset=\u00bbdefault\u00bb custom_button=\u00bbon\u00bb button_text_color=\u00bb#CE4F18&#8243; button_bg_color=\u00bbRGBA(255,255,255,0)\u00bb button_border_color=\u00bbRGBA(255,255,255,0)\u00bb button_font=\u00bbPoppins|700|||||||\u00bb button_icon=\u00bb&#x38;||divi||400&#8243; button_icon_placement=\u00bbleft\u00bb button_on_hover=\u00bboff\u00bb hover_enabled=\u00bb0&#8243; global_colors_info=\u00bb{}\u00bb sticky_enabled=\u00bb0&#8243;][\/et_pb_button][\/et_pb_column][\/et_pb_row][et_pb_row column_structure=\u00bb1_3,2_3&#8243; use_custom_gutter=\u00bbon\u00bb gutter_width=\u00bb2&#8243; _builder_version=\u00bb4.27.5&#8243; _module_preset=\u00bbdefault\u00bb background_color=\u00bb#f8f8f8&#8243; width=\u00bb100%\u00bb max_width=\u00bb100%\u00bb custom_margin=\u00bb||||false|true\u00bb custom_padding=\u00bb1%|10%|1%|10%|true|true\u00bb global_colors_info=\u00bb{}\u00bb][et_pb_column type=\u00bb1_3&#8243; _builder_version=\u00bb4.27.4&#8243; _module_preset=\u00bbdefault\u00bb global_colors_info=\u00bb{}\u00bb][et_pb_blurb title=\u00bbPor Alejandra Gualdr\u00f3n Acevedo\u00bb image=\u00bbhttps:\/\/unab.edu.co\/cienciaabierta\/wp-content\/uploads\/2024\/06\/alejandra-gualdron.jpg\u00bb icon_placement=\u00bbleft\u00bb image_icon_width=\u00bb90px\u00bb module_class=\u00bbblurb-img-90&#8243; _builder_version=\u00bb4.27.5&#8243; _module_preset=\u00bbdefault\u00bb header_font=\u00bb|600|||||||\u00bb header_font_size=\u00bb14px\u00bb header_line_height=\u00bb1.2em\u00bb body_font_size=\u00bb13px\u00bb body_line_height=\u00bb1.3em\u00bb body_link_text_color=\u00bb#E09900&#8243; background_color=\u00bb#FFFFFF\u00bb custom_padding=\u00bb1em|0.9em|1em|0.9em|true|true\u00bb custom_css_free_form=\u00bb\/* Forzar contenedor cuadrado *\/||.blurb-img-90 .et_pb_main_blurb_image span {||  width: 90px;||  height: 90px;||  display: block;||}||||\/* Imagen circular real *\/||.blurb-img-90 .et_pb_main_blurb_image img {||  width: 90px;||  height: 90px;||  border-radius: 50% !important;||  object-fit: cover;||  display: block;||}||\u00bb border_radii=\u00bbon|5px|5px|5px|5px\u00bb border_width_all=\u00bb1px\u00bb border_color_all=\u00bb#FFFFFF\u00bb global_colors_info=\u00bb{}\u00bb]<\/p>\n<p>Comunicadora social y especialista en Comunicaci\u00f3n Digital y Medios Interactivos de la Universidad Aut\u00f3noma de Bucaramanga.<\/p>\n<p bis_size=\"{&quot;x&quot;:10,&quot;y&quot;:130,&quot;w&quot;:309,&quot;h&quot;:24,&quot;abs_x&quot;:300,&quot;abs_y&quot;:763}\"><strong><a href=\"mailto:publicaciones@unab.edu.co\"><span bis_size=\"{&quot;x&quot;:10,&quot;y&quot;:132,&quot;w&quot;:197,&quot;h&quot;:17,&quot;abs_x&quot;:300,&quot;abs_y&quot;:765}\">publicaciones@unab.edu.co<\/span><\/a><\/strong><span bis_size=\"{&quot;x&quot;:10,&quot;y&quot;:132,&quot;w&quot;:197,&quot;h&quot;:17,&quot;abs_x&quot;:300,&quot;abs_y&quot;:765}\"><\/span><\/p>\n<p>[\/et_pb_blurb][\/et_pb_column][et_pb_column type=\u00bb2_3&#8243; _builder_version=\u00bb4.27.4&#8243; _module_preset=\u00bbdefault\u00bb global_colors_info=\u00bb{}\u00bb][et_pb_text _builder_version=\u00bb4.27.5&#8243; _module_preset=\u00bbdefault\u00bb text_font=\u00bbPoppins|300|||||||\u00bb text_text_color=\u00bb#000000&#8243; link_font=\u00bb||||on||||\u00bb link_text_color=\u00bb#CE4F18&#8243; ul_text_color=\u00bb#E09900&#8243; ul_line_height=\u00bb1.5em\u00bb header_text_color=\u00bb#CE4F18&#8243; header_font_size=\u00bb28px\u00bb header_3_font=\u00bb|700|||||||\u00bb header_3_text_color=\u00bb#000000&#8243; header_3_font_size=\u00bb17px\u00bb custom_margin=\u00bb0.5em||1px||false|false\u00bb custom_padding=\u00bb||1em||false|false\u00bb locked=\u00bboff\u00bb global_colors_info=\u00bb{}\u00bb]<\/p>\n<h3 style=\"text-align: justify;\">Proyecto asociado<\/h3>\n<ul>\n<li><a href=\"https:\/\/apolo.unab.edu.co\/es\/publications\/desarrollo-de-capacidades-humanas-y-emprendimiento-en-la-comunida-4\/\" target=\"_blank\" rel=\"noopener\">Desarrollo de capacidades humanas y emprendimiento en la comunidad de Nuevo Gir\u00f3n-Santander \u201cDejando Huellas\u201d Fase 3<\/a><\/li>\n<\/ul>\n<ul><\/ul>\n<ul><\/ul>\n<p>[\/et_pb_text][\/et_pb_column][\/et_pb_row][et_pb_row _builder_version=\u00bb4.27.5&#8243; _module_preset=\u00bbdefault\u00bb max_width=\u00bb80%\u00bb custom_margin=\u00bb||||false|false\u00bb global_colors_info=\u00bb{}\u00bb][et_pb_column type=\u00bb4_4&#8243; _builder_version=\u00bb4.16&#8243; _module_preset=\u00bbdefault\u00bb global_colors_info=\u00bb{}\u00bb][et_pb_text _builder_version=\u00bb4.27.5&#8243; _module_preset=\u00bbdefault\u00bb text_font=\u00bbAlmarai|800|||||||\u00bb text_text_color=\u00bb#D1522A\u00bb text_font_size=\u00bb25px\u00bb header_text_color=\u00bb#D1522A\u00bb header_3_font=\u00bbPoppins||||||||\u00bb header_3_text_align=\u00bbcenter\u00bb header_3_text_color=\u00bb#000000&#8243; header_3_font_size=\u00bb21px\u00bb header_3_line_height=\u00bb1.2em\u00bb custom_margin=\u00bb0em||||false|false\u00bb custom_padding=\u00bb0.5em||||false|false\u00bb global_colors_info=\u00bb{}\u00bb]<\/p>\n<h3 style=\"text-align: justify;\">A trav\u00e9s de un programa de formaci\u00f3n gratuito de la Universidad UNAB, 15 mujeres de este gremio se capacitaron durante tres meses para mejorar su calidad de vida y su labor, con el apoyo de directivos y docentes voluntarios de la instituci\u00f3n.<\/h3>\n<p>[\/et_pb_text][\/et_pb_column][\/et_pb_row][et_pb_row _builder_version=\u00bb4.27.5&#8243; _module_preset=\u00bbdefault\u00bb max_width=\u00bb80%\u00bb custom_margin=\u00bb-23px|auto||auto|false|false\u00bb global_colors_info=\u00bb{}\u00bb][et_pb_column type=\u00bb4_4&#8243; _builder_version=\u00bb4.17.3&#8243; _module_preset=\u00bbdefault\u00bb global_colors_info=\u00bb{}\u00bb][et_pb_text _builder_version=\u00bb4.27.5&#8243; _module_preset=\u00bbdefault\u00bb text_font=\u00bbPoppins|300|||||||\u00bb text_text_color=\u00bb#000000&#8243; text_font_size=\u00bb17px\u00bb header_text_color=\u00bb#CE4F18&#8243; header_font_size=\u00bb28px\u00bb header_3_text_color=\u00bb#CE4F18&#8243; header_3_font_size=\u00bb1.9vw\u00bb header_3_line_height=\u00bb1.4em\u00bb text_orientation=\u00bbjustified\u00bb custom_margin=\u00bb0.5em||||false|false\u00bb global_colors_info=\u00bb{}\u00bb]<\/p>\n<figure class=\"wp-caption alignleft\"><img src=https:\/\/unab.edu.co\/cienciaabierta\/wp-content\/uploads\/2025\/12\/taxi-3.jpg\" \/><figcaption class=\"wp-caption-text\">Grupo de mujeres taxistas durante una de las jornadas de formaci\u00f3n desarrolladas en el Campus El Jard\u00edn de la UNAB. Foto: Alejandra Gualdr\u00f3n Acevedo<\/figcaption><\/figure>\n<p>El 25 de septiembre de 2025 ser\u00e1 una fecha inolvidable para Edilia Figueroa L\u00f3pez, de 52 a\u00f1os, y Mar\u00eda Jos\u00e9 Arias Rueda, de 53. Ese d\u00eda, estas mujeres taxistas recibieron por primera vez un diploma acad\u00e9mico. Ninguna hab\u00eda logrado terminar el colegio ni ingresar a la universidad, pero aquel jueves se graduaron como lideresas de su gremio y embajadoras culturales de la ciudad, gracias a la Universidad UNAB.<\/p>\n<p>Lo que las dos consideraban un sue\u00f1o inalcanzable, se hizo realidad en un ciclo formativo gratuito del que participaron junto a otras 13 conductoras del \u00c1rea Metropolitana de Bucaramanga, dise\u00f1ado por la dependencia de Transformaci\u00f3n Social de esta universidad.<\/p>\n<p>Aunque no existen cifras oficiales sobre el n\u00famero de mujeres que trabajan como conductoras de taxi en Bucaramanga, se estima que representan un porcentaje bajo, a partir de los registros disponibles en otras ciudades. Por ejemplo, en Bogot\u00e1, seg\u00fan datos de la Secretar\u00eda de Movilidad, hasta 2019 hab\u00eda 70.000 registrados, de los cuales solo el 1,5 % eran mujeres.<\/p>\n<p>Esta brecha en un oficio tradicionalmente ejecutado por hombres, fue una de las principales razones por las que naci\u00f3 esta formaci\u00f3n. Su finalidad desde un inicio fue lograr que ellas se reconocieran como lideresas empoderadas en este gremio, y as\u00ed confirmar que tanto para Edilia como para Mar\u00eda Jos\u00e9 y el resto de participantes, nunca es tarde para transformar sus vidas.<\/p>\n<h3>Historias \u2018al volante\u2019<\/h3>\n<p>Edilia Figueroa L\u00f3pez es oriunda de la zona rural del municipio de San Andr\u00e9s (provincia de Garc\u00eda Rovira). Es taxista hace 23 a\u00f1os en los que ha pasado por m\u00faltiples experiencias. En 2002 invirti\u00f3 sus ahorros comprando su primer carro, aunque no sab\u00eda manejar ni ten\u00eda experiencia trabajando en el servicio p\u00fablico.<br \/>\nUn a\u00f1o despu\u00e9s lo vendi\u00f3 porque un vecino le asegur\u00f3 que le pagar\u00eda con intereses si le prestaba lo ganado. Nunca recibi\u00f3 el dinero as\u00ed que pas\u00f3 de propietaria a empleada. La contrataron para manejar otro taxi de 4:00 p.m. a 4:00 a.m., una rutina que transit\u00f3 durante 10 a\u00f1os, pero que termin\u00f3 de forma abrupta.<\/p>\n<figure class=\"wp-caption alignright\"><img src=https:\/\/unab.edu.co\/cienciaabierta\/wp-content\/uploads\/2025\/12\/taxi-2.jpg\" \/><figcaption class=\"wp-caption-text\">Mar\u00eda Jos\u00e9 Arias Rueda es conductora de taxi desde hace cinco a\u00f1os. Antes de convertirse en taxista de tiempo completo, recuerda que trabaj\u00f3 a trav\u00e9s de plataformas, pero le es m\u00e1s interesante desempe\u00f1ar su oficio en los veh\u00edculos amarillos. Foto: \u00c9rika D\u00edaz Rangel<\/figcaption><\/figure>\n<p>En un ret\u00e9n por el que pas\u00f3 en uno de sus turnos, fue detenida por portar de forma ilegal un rev\u00f3lver que compr\u00f3 poco antes para defenderse, luego de haber sido v\u00edctima de un atraco en una noche de trabajo. Al cumplir dos a\u00f1os de su condena, volvi\u00f3 a emplearse como conductora y tiempo despu\u00e9s pudo volver a comprar un nuevo taxi a su nombre.<\/p>\n<p>Mar\u00eda Jos\u00e9 Arias Rueda lleva solo cinco a\u00f1os en este gremio y cuenta una historia particular al volante. Tiene dos nombres: Elsa, el de su c\u00e9dula, y Mar\u00eda Jos\u00e9, como \u201cme registraron en mi vida de taxista\u201d.<\/p>\n<p>Cuando comenz\u00f3 a trabajar como conductora de taxi, sol\u00eda recorrer los alrededores del centro comercial \u00c9xito La Rosita, donde entabl\u00f3 amistad con una mujer que vend\u00eda tintos. Sin saber por qu\u00e9, esta empez\u00f3 a llamarla Mar\u00eda Jos\u00e9, y con el tiempo, todos sus conocidos adoptaron tambi\u00e9n ese nombre.<\/p>\n<p>Es taxista desde el 2020 pero lleva 33 a\u00f1os manejando. Antes prest\u00f3 el servicio en la plataforma inDriver, manej\u00f3 un Renault vendiendo pescado y frutas, e hizo acarreos en un Sprint. Disfruta tanto manejar que combina sus jornadas al ritmo de vallenato \u2018cortavenas\u2019 de Nelson Vel\u00e1squez, seg\u00fan dice.<\/p>\n<p>La alegr\u00eda de las dos cuando se graduaron desbordaba sus sonrisas. Ambas pensaban que nunca saldr\u00edan de una instituci\u00f3n con un diploma en sus manos. \u201cSiento que volv\u00ed a mi infancia. Cuando era ni\u00f1a no tuve la oportunidad de estudiar porque mis pap\u00e1s murieron cuando ten\u00eda 12 a\u00f1os. Esto nos va a ayudar mucho a salir adelante\u201d, manifest\u00f3 Mar\u00eda Jos\u00e9 Arias Rueda.<\/p>\n<h3>El programa integral de formaci\u00f3n<\/h3>\n<p>Durante tres meses, las 15 mujeres taxistas recibieron clases que abarcaron gesti\u00f3n emocional, atenci\u00f3n psicosocial, seguridad vial, finanzas con enfoque de g\u00e9nero, liderazgo transformativo, cuidado de su salud f\u00edsica en su quehacer diario, y herramientas jur\u00eddicas a las que pueden acceder como conductoras.<br \/>\nDesde 2023 Transformaci\u00f3n Social UNAB ha creado iniciativas de responsabilidad social como estas de acercamiento a comunidades que involucran a estudiantes, profesores y administrativos de forma voluntaria. Esto con el fin de generar conocimiento m\u00e1s all\u00e1 de las aulas e impactar positivamente en los territorios.<\/p>\n<p>\u201cQueremos llegar a distintas comunidades y en este caso cre\u00edmos que este colectivo de mujeres taxistas representa a las mujeres trabajadoras que adem\u00e1s generan una econom\u00eda del cuidado, porque tambi\u00e9n son esposas y madres, y eso es precisamente por lo que desarrollamos este tipo de programas\u201d, concluy\u00f3 Doris Amparo Barreto Osma, directora del \u00e1rea[\/et_pb_text][\/et_pb_column][\/et_pb_row][\/et_pb_section]<\/p>\n","protected":false},"excerpt":{"rendered":"<p>Las mujeres taxistas que se convirtieron en lideresas al volanteComunicadora social y especialista en Comunicaci\u00f3n Digital y Medios Interactivos de la Universidad Aut\u00f3noma de Bucaramanga. publicaciones@unab.edu.coProyecto asociado Desarrollo de capacidades humanas y emprendimiento en la comunidad de Nuevo Gir\u00f3n-Santander \u201cDejando Huellas\u201d Fase 3 A trav\u00e9s de un programa de formaci\u00f3n gratuito de la Universidad UNAB, [&hellip;]<\/p>\n","protected":false},"author":2,"featured_media":0,"comment_status":"closed","ping_status":"closed","sticky":false,"template":"","format":"standard","meta":{"_et_pb_use_builder":"on","_et_pb_old_content":"","_et_gb_content_width":"2880","footnotes":""},"categories":[18],"tags":[],"class_list":["post-1986","post","type-post","status-publish","format-standard","hentry","category-edicion-10"],"_links":{"self":[{"href":"https:\/\/unab.edu.co\/cienciaabierta\/wp-json\/wp\/v2\/posts\/1986","targetHints":{"allow":["GET"]}}],"collection":[{"href":"https:\/\/unab.edu.co\/cienciaabierta\/wp-json\/wp\/v2\/posts"}],"about":[{"href":"https:\/\/unab.edu.co\/cienciaabierta\/wp-json\/wp\/v2\/types\/post"}],"author":[{"embeddable":true,"href":"https:\/\/unab.edu.co\/cienciaabierta\/wp-json\/wp\/v2\/users\/2"}],"replies":[{"embeddable":true,"href":"https:\/\/unab.edu.co\/cienciaabierta\/wp-json\/wp\/v2\/comments?post=1986"}],"version-history":[{"count":6,"href":"https:\/\/unab.edu.co\/cienciaabierta\/wp-json\/wp\/v2\/posts\/1986\/revisions"}],"predecessor-version":[{"id":2161,"href":"https:\/\/unab.edu.co\/cienciaabierta\/wp-json\/wp\/v2\/posts\/1986\/revisions\/2161"}],"wp:attachment":[{"href":"https:\/\/unab.edu.co\/cienciaabierta\/wp-json\/wp\/v2\/media?parent=1986"}],"wp:term":[{"taxonomy":"category","embeddable":true,"href":"https:\/\/unab.edu.co\/cienciaabierta\/wp-json\/wp\/v2\/categories?post=1986"},{"taxonomy":"post_tag","embeddable":true,"href":"https:\/\/unab.edu.co\/cienciaabierta\/wp-json\/wp\/v2\/tags?post=1986"}],"curies":[{"name":"wp","href":"https:\/\/api.w.org\/{rel}","templated":true}]}}