{"id":1991,"date":"2025-11-28T16:09:20","date_gmt":"2025-11-28T21:09:20","guid":{"rendered":"https:\/\/unab.edu.co\/cienciaabierta\/?p=1991"},"modified":"2025-12-17T17:11:16","modified_gmt":"2025-12-17T22:11:16","slug":"compre-la-orquesta","status":"publish","type":"post","link":"https:\/\/unab.edu.co\/cienciaabierta\/compre-la-orquesta\/","title":{"rendered":"\u00a1Compre la Orquesta!"},"content":{"rendered":"<p>[et_pb_section fb_built=\u00bb1&#8243; custom_padding_last_edited=\u00bbon|desktop\u00bb _builder_version=\u00bb4.27.5&#8243; _module_preset=\u00bbdefault\u00bb background_color=\u00bb#D6D6D6&#8243; background_image=\u00bbhttps:\/\/unab.edu.co\/cienciaabierta\/wp-content\/uploads\/2025\/12\/orquesta-1.jpg\u00bb parallax=\u00bbon\u00bb background_blend=\u00bbmultiply\u00bb width=\u00bb100%\u00bb max_width=\u00bb100%\u00bb min_height=\u00bb550px\u00bb min_height_tablet=\u00bb510px\u00bb min_height_phone=\u00bb400px\u00bb min_height_last_edited=\u00bbon|phone\u00bb height=\u00bb1000px\u00bb max_height=\u00bb510px\u00bb custom_margin=\u00bb||||false|false\u00bb custom_margin_tablet=\u00bb||||false|false\u00bb custom_margin_phone=\u00bb||||false|false\u00bb custom_margin_last_edited=\u00bbon|desktop\u00bb custom_padding=\u00bb54px|0px|||false|false\u00bb custom_padding_tablet=\u00bb54px|0px|||false|false\u00bb custom_padding_phone=\u00bb54px|0px|||false|false\u00bb background_last_edited=\u00bbon|phone\u00bb box_shadow_style=\u00bbpreset2&#8243; locked=\u00bboff\u00bb global_colors_info=\u00bb{}\u00bb][et_pb_row _builder_version=\u00bb4.20.4&#8243; _module_preset=\u00bbdefault\u00bb global_colors_info=\u00bb{}\u00bb][et_pb_column type=\u00bb4_4&#8243; _builder_version=\u00bb4.16&#8243; _module_preset=\u00bbdefault\u00bb global_colors_info=\u00bb{}\u00bb][et_pb_text _builder_version=\u00bb4.27.4&#8243; _module_preset=\u00bbdefault\u00bb header_font=\u00bbPoppins|700|||||||\u00bb header_text_color=\u00bb#FFFFFF\u00bb header_font_size=\u00bb46px\u00bb header_line_height=\u00bb1.2em\u00bb max_width=\u00bb100%\u00bb module_alignment=\u00bbcenter\u00bb custom_margin=\u00bb||0.5em||false|false\u00bb custom_padding=\u00bb15em||0.5em||false|false\u00bb custom_padding_tablet=\u00bb20em||||false|false\u00bb custom_padding_phone=\u00bb18em||||false|false\u00bb custom_padding_last_edited=\u00bbon|desktop\u00bb header_font_tablet=\u00bbPoppins|700|||||||\u00bb header_font_phone=\u00bbPoppins|700|||||||\u00bb header_font_last_edited=\u00bbon|tablet\u00bb header_font_size_tablet=\u00bb32px\u00bb header_font_size_phone=\u00bb25px\u00bb header_font_size_last_edited=\u00bbon|phone\u00bb header_text_shadow_style=\u00bbpreset3&#8243; header_text_shadow_color=\u00bbrgba(0,0,0,0.8)\u00bb border_color_bottom=\u00bb#CE4F18&#8243; locked=\u00bboff\u00bb global_colors_info=\u00bb{}\u00bb header_font_size__hover_enabled=\u00bboff|desktop\u00bb header_font_size__hover=\u00bb50px\u00bb width__hover_enabled=\u00bbon|desktop\u00bb max_width__hover_enabled=\u00bbon|hover\u00bb max_width__hover=\u00bb100%\u00bb]<\/p>\n<h1 style=\"text-align: center;\"><b>\u00a1Compre la Orquesta!\u00a0<\/b><\/h1>\n<p>[\/et_pb_text][\/et_pb_column][\/et_pb_row][\/et_pb_section][et_pb_section fb_built=\u00bb1&#8243; _builder_version=\u00bb4.16&#8243; _module_preset=\u00bbdefault\u00bb locked=\u00bboff\u00bb global_colors_info=\u00bb{}\u00bb][et_pb_row _builder_version=\u00bb4.27.5&#8243; _module_preset=\u00bbdefault\u00bb width=\u00bb100%\u00bb max_width=\u00bb95%\u00bb custom_margin=\u00bb||||false|false\u00bb custom_padding=\u00bb0em||0em||true|false\u00bb locked=\u00bboff\u00bb global_colors_info=\u00bb{}\u00bb][et_pb_column type=\u00bb4_4&#8243; _builder_version=\u00bb4.27.2&#8243; _module_preset=\u00bbdefault\u00bb global_colors_info=\u00bb{}\u00bb][et_pb_button button_url=\u00bb@ET-DC@eyJkeW5hbWljIjp0cnVlLCJjb250ZW50IjoicG9zdF9saW5rX3VybF9wYWdlIiwic2V0dGluZ3MiOnsicG9zdF9pZCI6IjIxMzkifX0=@\u00bb button_text=\u00bbVolver a la Edici\u00f3n 10&#8243; button_alignment=\u00bbleft\u00bb _builder_version=\u00bb4.27.5&#8243; _dynamic_attributes=\u00bbbutton_url\u00bb _module_preset=\u00bbdefault\u00bb custom_button=\u00bbon\u00bb button_text_color=\u00bb#CE4F18&#8243; button_bg_color=\u00bbRGBA(255,255,255,0)\u00bb button_border_color=\u00bbRGBA(255,255,255,0)\u00bb button_font=\u00bbPoppins|700|||||||\u00bb button_icon=\u00bb&#x38;||divi||400&#8243; button_icon_placement=\u00bbleft\u00bb button_on_hover=\u00bboff\u00bb hover_enabled=\u00bb0&#8243; global_colors_info=\u00bb{}\u00bb sticky_enabled=\u00bb0&#8243;][\/et_pb_button][\/et_pb_column][\/et_pb_row][et_pb_row column_structure=\u00bb1_3,2_3&#8243; use_custom_gutter=\u00bbon\u00bb gutter_width=\u00bb2&#8243; _builder_version=\u00bb4.27.5&#8243; _module_preset=\u00bbdefault\u00bb background_color=\u00bb#f8f8f8&#8243; width=\u00bb100%\u00bb max_width=\u00bb100%\u00bb custom_margin=\u00bb||||false|true\u00bb custom_padding=\u00bb1%|10%|1%|10%|true|true\u00bb global_colors_info=\u00bb{}\u00bb][et_pb_column type=\u00bb1_3&#8243; _builder_version=\u00bb4.27.4&#8243; _module_preset=\u00bbdefault\u00bb global_colors_info=\u00bb{}\u00bb][et_pb_blurb title=\u00bbPor Pastor Virviescas G\u00f3mez\u00bb image=\u00bbhttps:\/\/unab.edu.co\/cienciaabierta\/wp-content\/uploads\/2021\/12\/Pastor-2.jpg\u00bb icon_placement=\u00bbleft\u00bb image_icon_width=\u00bb90px\u00bb module_class=\u00bbblurb-img-90&#8243; _builder_version=\u00bb4.27.5&#8243; _module_preset=\u00bbdefault\u00bb header_font=\u00bb|600|||||||\u00bb header_font_size=\u00bb14px\u00bb header_line_height=\u00bb1.2em\u00bb body_font_size=\u00bb13px\u00bb body_line_height=\u00bb1.3em\u00bb body_link_text_color=\u00bb#E09900&#8243; background_color=\u00bb#FFFFFF\u00bb custom_padding=\u00bb1em|0.9em|1em|0.9em|true|true\u00bb custom_css_free_form=\u00bb\/* Forzar contenedor cuadrado *\/||.blurb-img-90 .et_pb_main_blurb_image span {||  width: 90px;||  height: 90px;||  display: block;||}||||\/* Imagen circular real *\/||.blurb-img-90 .et_pb_main_blurb_image img {||  width: 90px;||  height: 90px;||  border-radius: 50% !important;||  object-fit: cover;||  display: block;||}||\u00bb border_radii=\u00bbon|5px|5px|5px|5px\u00bb border_width_all=\u00bb1px\u00bb border_color_all=\u00bb#FFFFFF\u00bb global_colors_info=\u00bb{}\u00bb]<\/p>\n<p>Enviado especial de Ciencia Abierta UNAB. Reportero con 40 a\u00f1os de experiencia y tres Sim\u00f3n Bol\u00edvar.<\/p>\n<p bis_size=\"{&quot;x&quot;:10,&quot;y&quot;:130,&quot;w&quot;:309,&quot;h&quot;:24,&quot;abs_x&quot;:300,&quot;abs_y&quot;:763}\"><strong><a href=\"mailto:publicaciones@unab.edu.co\"><span bis_size=\"{&quot;x&quot;:10,&quot;y&quot;:132,&quot;w&quot;:197,&quot;h&quot;:17,&quot;abs_x&quot;:300,&quot;abs_y&quot;:765}\">publicaciones@unab.edu.co<\/span><\/a><\/strong><span bis_size=\"{&quot;x&quot;:10,&quot;y&quot;:132,&quot;w&quot;:197,&quot;h&quot;:17,&quot;abs_x&quot;:300,&quot;abs_y&quot;:765}\"><\/span><\/p>\n<p>[\/et_pb_blurb][\/et_pb_column][et_pb_column type=\u00bb2_3&#8243; _builder_version=\u00bb4.27.4&#8243; _module_preset=\u00bbdefault\u00bb global_colors_info=\u00bb{}\u00bb][et_pb_text _builder_version=\u00bb4.27.5&#8243; _module_preset=\u00bbdefault\u00bb text_font=\u00bbPoppins|300|||||||\u00bb text_text_color=\u00bb#000000&#8243; link_font=\u00bb||||on||||\u00bb link_text_color=\u00bb#CE4F18&#8243; ul_text_color=\u00bb#E09900&#8243; ul_line_height=\u00bb1.5em\u00bb header_text_color=\u00bb#CE4F18&#8243; header_font_size=\u00bb28px\u00bb header_3_font=\u00bb|700|||||||\u00bb header_3_text_color=\u00bb#000000&#8243; header_3_font_size=\u00bb17px\u00bb custom_margin=\u00bb0.5em||1px||false|false\u00bb custom_padding=\u00bb||1em||false|false\u00bb locked=\u00bboff\u00bb global_colors_info=\u00bb{}\u00bb]<\/p>\n<h3 style=\"text-align: justify;\">Proyecto asociado<\/h3>\n<ul>\n<li><a href=\"https:\/\/apolo.unab.edu.co\/en\/projects\/llegamos-con-la-m%C3%BAsica-la-sinf%C3%B3nica-unab-formaci%C3%B3n-circulaci%C3%B3n-y-\/\" target=\"_blank\" data-saferedirecturl=\"https:\/\/www.google.com\/url?q=https:\/\/apolo.unab.edu.co\/en\/projects\/llegamos-con-la-m%25C3%25BAsica-la-sinf%25C3%25B3nica-unab-formaci%25C3%25B3n-circulaci%25C3%25B3n-y-\/&amp;source=gmail&amp;ust=1766073413448000&amp;usg=AOvVaw3W_BcbYsxiZYt0Jm7ZVpDG\" rel=\"noopener\">Llegamos con la m\u00fasica \u201cLa Sinf\u00f3nica UNAB: Formaci\u00f3n, Circulaci\u00f3n y Proyecci\u00f3n 2025&#8243;<\/a><\/li>\n<\/ul>\n<ul><\/ul>\n<ul><\/ul>\n<p>[\/et_pb_text][\/et_pb_column][\/et_pb_row][et_pb_row _builder_version=\u00bb4.27.5&#8243; _module_preset=\u00bbdefault\u00bb max_width=\u00bb80%\u00bb custom_margin=\u00bb||||false|false\u00bb global_colors_info=\u00bb{}\u00bb][et_pb_column type=\u00bb4_4&#8243; _builder_version=\u00bb4.16&#8243; _module_preset=\u00bbdefault\u00bb global_colors_info=\u00bb{}\u00bb][et_pb_text _builder_version=\u00bb4.27.5&#8243; _module_preset=\u00bbdefault\u00bb text_font=\u00bbAlmarai|800|||||||\u00bb text_text_color=\u00bb#D1522A\u00bb text_font_size=\u00bb25px\u00bb header_text_color=\u00bb#D1522A\u00bb header_3_font=\u00bbPoppins||||||||\u00bb header_3_text_align=\u00bbcenter\u00bb header_3_text_color=\u00bb#000000&#8243; header_3_font_size=\u00bb21px\u00bb header_3_line_height=\u00bb1.2em\u00bb custom_margin=\u00bb0em||||false|false\u00bb custom_padding=\u00bb0.5em||||false|false\u00bb global_colors_info=\u00bb{}\u00bb]<\/p>\n<h3 style=\"text-align: justify;\">La UNAB cuenta con un Proyecto Sinf\u00f3nico ejemplar, reconocido por propios y extra\u00f1os como un agente de cambio cultural que ha formado nuevos p\u00fablicos y consolidado a la Universidad dentro de los referentes art\u00edsticos de Santander.<\/h3>\n<p>[\/et_pb_text][\/et_pb_column][\/et_pb_row][et_pb_row _builder_version=\u00bb4.27.5&#8243; _module_preset=\u00bbdefault\u00bb max_width=\u00bb80%\u00bb custom_margin=\u00bb-23px|auto||auto|false|false\u00bb global_colors_info=\u00bb{}\u00bb][et_pb_column type=\u00bb4_4&#8243; _builder_version=\u00bb4.17.3&#8243; _module_preset=\u00bbdefault\u00bb global_colors_info=\u00bb{}\u00bb][et_pb_text _builder_version=\u00bb4.27.5&#8243; _module_preset=\u00bbdefault\u00bb text_font=\u00bbPoppins|300|||||||\u00bb text_text_color=\u00bb#000000&#8243; text_font_size=\u00bb17px\u00bb header_text_color=\u00bb#CE4F18&#8243; header_font_size=\u00bb28px\u00bb header_3_text_color=\u00bb#CE4F18&#8243; header_3_font_size=\u00bb1.9vw\u00bb header_3_line_height=\u00bb1.4em\u00bb text_orientation=\u00bbjustified\u00bb custom_margin=\u00bb0.5em||||false|false\u00bb global_colors_info=\u00bb{}\u00bb]\u201cEst\u00e1n locos de remate\u201d, \u201cSantander no es tierra para ese tipo de m\u00fasica\u201d y \u201c\u00bfSe van a gastar una millonada en eso?\u201d. Estas fueron algunas de las expresiones que m\u00e1s se oyeron \u2013aun dentro de la propia Instituci\u00f3n\u2013 cuando el maestro Sergio Acevedo G\u00f3mez convenci\u00f3 al entonces rector Gabriel Burgos Mantilla que adem\u00e1s del Programa de M\u00fasica la Universidad Aut\u00f3noma de Bucaramanga deb\u00eda med\u00edrsele a conformar su propia Orquesta Sinf\u00f3nica.<\/p>\n<p>Contra viento y marea echaron a andar una ambiciosa idea que dos d\u00e9cadas largas despu\u00e9s evidencia que de disparate no ten\u00eda nada y, por el contrario, es uno de los m\u00e1s ambiciosos programas culturales y art\u00edsticos no solo de esta capital y el departamento de Santander, sino de todo el nororiente colombiano con el eslogan de \u201cLlegamos con la m\u00fasica\u201d.<\/p>\n<p>Las cifras lo corroboran: cada presentaci\u00f3n de la Orquesta Sinf\u00f3nica UNAB en el Teatro Santander congrega a un promedio de 700 asistentes y en el Auditorio \u2018Luis A. Calvo\u2019 de la UIS a 550. Tras 24 a\u00f1os de labores ininterrumpidas ha llevado a cabo cerca de 350 conciertos, con el agregado de que su acceso es gratuito. Por ella han pasado m\u00e1s de 300 m\u00fasicos, entre los que se cuentan estudiantes, graduados, docentes e invitados especiales. Y solo para hablar del presente a\u00f1o, el presupuesto de funcionamiento bordea los 1.000 millones de pesos, de los cuales el 70 % ha sido aportado por el Ministerio de las Artes, las Culturas y los Saberes, y el 30 % restante ha salido del bolsillo de la Universidad UNAB.<\/p>\n<figure class=\"wp-caption alignleft\"><img src=https:\/\/unab.edu.co\/cienciaabierta\/wp-content\/uploads\/2025\/12\/orquesta-2.jpg\" \/><figcaption class=\"wp-caption-text\">Maestro Vladimir Quesada Mart\u00ednez: \u201cSomos una orquesta universitaria que est\u00e1 cada vez m\u00e1s cerca de ser una profesional, en la que debimos aprender desde c\u00f3mo afinar, siendo los m\u00fasicos los otros grandes beneficiados\u201d. Foto: \u00c9rika D\u00edaz Rangel<br \/>\n<\/figcaption><\/figure>\n<p>Bajo la figura del convenio de asociaci\u00f3n, el Gobierno Nacional de turno se ha constituido en el gran aliado para que pueda ofrecer su programaci\u00f3n de marzo a diciembre. Una referencia al azar deja ver que hace nueve a\u00f1os la inyecci\u00f3n del Ministerio era de 300 millones de pesos y la contrapartida de la UNAB de 120 millones. Sin embargo, la mira est\u00e1 puesta en obtener de la empresa privada nuevas fuentes de financiaci\u00f3n que posibiliten arrancar actividades cada mes de febrero. Valga decir que aunque han tocado las puertas de la Gobernaci\u00f3n y la Alcald\u00eda, les piden contraprestaciones que no son f\u00e1ciles de cumplir sin descuidar los compromisos pactados con MinCultura.<\/p>\n<p>Hoy hasta los m\u00e1s esc\u00e9pticos de la \u00e9poca quedan asombrados cuando se enteran de que la propuesta inicial se ha consolidado desde 2020 como el Proyecto Sinf\u00f3nico que adem\u00e1s de la Orquesta \u2013dirigida magistralmente desde hace nueve a\u00f1os por el bogotano Eduardo Carrizosa Navarro\u2013, cuenta con otros cinco frentes de trabajo: la Orquesta Juvenil, en cabeza de Marlon Andr\u00e9s Garc\u00eda Rueda; el Festival de Arcos (que cumple 20 a\u00f1os y ya es de car\u00e1cter internacional) y la Orquesta de Arcos, orientados por la profesora ucraniana Iryna Litvin; el Festival de Vientos, cuyo director var\u00eda cada a\u00f1o con el instrumento seleccionado y en este periodo ha sido Santiago Emilio Sierra; y \u201cAudible lo invisible\u201d, que bajo la batuta de Adolfo Enrique Hern\u00e1ndez Torres le apunta a generar espacios para los compositores de la regi\u00f3n que se le midan a incursionar en la m\u00fasica sinf\u00f3nica, seleccionando seis obras cada a\u00f1o.<\/p>\n<p>Estos seis brazos realizan entre 45 y 50 conciertos anuales, de los cuales unos 20 son de la Sinf\u00f3nica, motivo por el cual el presupuesto debe ser distribuido con sapiencia para evitar que se relegue a alguno de ellos.<\/p>\n<h3>Un poco de memoria<\/h3>\n<p>Vladimir Quesada Mart\u00ednez, director del Programa de M\u00fasica de la Universidad UNAB, recuerda aquellos d\u00edas en los que la Sinf\u00f3nica sin timidez deb\u00eda echar mano de m\u00fasicos de la UIS, porque adem\u00e1s Acevedo G\u00f3mez la concibi\u00f3 como de la ciudad y no confinada a este claustro. Los recursos econ\u00f3micos que se consegu\u00edan apenas alcanzaban para pagar el transporte y la log\u00edstica de dos presentaciones al a\u00f1o, mas no cubr\u00eda honorarios para sus integrantes.<\/p>\n<p>Pero con el tes\u00f3n de Sergio Acevedo, sucedido por Jes\u00fas Alberto Rey Mari\u00f1o, luego por Rafael \u00c1ngel Suesc\u00fan Mari\u00f1o y desde 2016 con el maestro Quesada Mart\u00ednez al frente, adem\u00e1s del apoyo de los rectores Alberto Montoya Puyana y desde 2018 Juan Camilo Montoya Bozzi, el Proyecto Sinf\u00f3nico UNAB se ha robustecido y escalado hasta convertirse en miembro de la Asociaci\u00f3n Nacional de las Artes (ANA), de la que forman parte la Sinf\u00f3nica Nacional, la de Caldas y la de EAFIT, as\u00ed como la Filarm\u00f3nica de Cali y Nueva Filarmon\u00eda (Bogot\u00e1). Entre todos ellos, el de la UNAB es el que menos presupuesto recibe, pero el que m\u00e1s componentes tiene dando resultados.<\/p>\n<p>En la ANA hay dos metas comunes dentro de la propuesta denominada \u201cArtes para la Paz\u201d: formaci\u00f3n de nuevos p\u00fablicos y llevar la m\u00fasica a municipios que no sean del \u00e1rea metropolitana. Este avance asegura la visibilidad y el reconocimiento a nivel nacional tanto del Proyecto Sinf\u00f3nico como de la Universidad UNAB.<\/p>\n<h3>Resultados concretos<\/h3>\n<figure class=\"wp-caption alignright\"><img src=https:\/\/unab.edu.co\/cienciaabierta\/wp-content\/uploads\/2025\/12\/orquesta-4.jpg\" \/><figcaption class=\"wp-caption-text\">Orquesta Sinf\u00f3nica de la UNAB durante un concierto en el Teatro Santander.  Foto: Pastor Virviescas G\u00f3mez  <\/figcaption><\/figure>\n<p>\u201cSomos una orquesta universitaria de nivel medio muy bien ganado y posicionado, que cada vez se acerca a ser de talla profesional, pero en la que debimos aprender desde c\u00f3mo afinar y mejorar el nivel para que sonara de verdad, siendo los m\u00fasicos los otros grandes beneficiados. Para ello hemos contado con el aporte invaluable del maestro Eduardo Carrizosa, quien se ha caracterizado por su trato amable con los m\u00fasicos y ser una persona de f\u00e1cil acceso, que no solo dirige la Orquesta sino que tambi\u00e9n dise\u00f1a el repertorio y en cada presentaci\u00f3n le explica al p\u00fablico de qu\u00e9 se trata la obra, cu\u00e1les movimientos tiene, qui\u00e9n es el compositor, en qu\u00e9 se inspir\u00f3 y a qu\u00e9 momento hist\u00f3rico corresponde, haciendo que los asistentes comprendan f\u00e1cilmente y se enganchen con la m\u00fasica sinf\u00f3nica\u201d, explica Quesada Mart\u00ednez.<\/p>\n<p>Atr\u00e1s quedaron esas temporadas en las que no se dispon\u00eda de cornos ni fagotes, siendo habilidosamente remplazados por saxofones. \u201cUna Sinf\u00f3nica que durante m\u00e1s de diez a\u00f1os son\u00f3 medio raro y deb\u00edamos recurrir a las adaptaciones del profesor Adolfo Hern\u00e1ndez\u201d, relata Quesada Mart\u00ednez, quien afirma que hoy y merced al empe\u00f1o de Carrizosa Navarro la Sinf\u00f3nica UNAB cuenta con una base de 60 m\u00fasicos en promedio que sue\u00f1an con alg\u00fan d\u00eda disponer de arpa y arpista \u2013que sencillamente no los hay en esta ciudad\u2013, para que como en el famoso concurso de televisi\u00f3n animado por Fernando Gonz\u00e1lez Pacheco los asistentes a cada concierto puedan hacer sonar toda la orquesta, mientras se distraen y aprenden con una alternativa al reguet\u00f3n o a las asfixiantes cumbias peruanas y argentinas que invaden la tierra de Jos\u00e9 A. Morales.<\/p>\n<p>\u201cLo comercial es para mover masas y grandes cantidades de capital, pero lo nuestro es para formar p\u00fablicos; por eso nos gusta m\u00e1s hablar de lenguaje sinf\u00f3nico\u201d, recalca Vladimir Quesada. Y le sobra raz\u00f3n, porque aparte de composiciones de los alemanes Johannes Brahms y Ludwig van Beethoven, del austr\u00edaco Wolfgang Amadeus Mozart o del ruso Piotr Ilich Chaikovski \u2013por citar algunas de las m\u00e1ximas figuras\u2013, tambi\u00e9n han interpretado villancicos, ritmos tropicales como porros y bambucos, e incluso la carranga del boyacense Jorge Velosa.<\/p>\n<p>La palabra estancarse no revolotea entre sus partituras, as\u00ed que una de sus firmes aspiraciones es la de interpretar el repertorio de gran formato dejado por el maestro antioque\u00f1o Blas Emilio Atehort\u00faa Amaya, que reposa en el Centro de Documentaci\u00f3n e Investigaci\u00f3n Musical (CEDIM) de la Universidad UNAB. Un logro inmediato es que despu\u00e9s de m\u00e1s diez a\u00f1os de no realizarse, el Concierto de Navidad ser\u00e1 el broche de oro de este 2025, incorpor\u00e1ndole varios coros locales.<\/p>\n<h3>M\u00fasica sin estratos<\/h3>\n<p>A la hora de indagar c\u00f3mo y d\u00f3nde se ve reflejado tanto esfuerzo humano y econ\u00f3mico, Quesada Mart\u00ednez enfatiza en tres resultados incuestionables: el Proyecto Sinf\u00f3nico UNAB ha permitido un campo de acci\u00f3n e ingresos estables a centenares de m\u00fasicos que de otra forma se habr\u00edan visto precisados a migrar (reciben la retribuci\u00f3n econ\u00f3mica correspondiente de cinco ensayos por cada dos conciertos).<\/p>\n<p>Tambi\u00e9n es una valiosa oportunidad cultural para las personas del m\u00e1s variado origen socioecon\u00f3mico que acuden a teatros, iglesias y parques en cada temporada; y por la labor de iniciativas como la Sinf\u00f3nica Juvenil, en la que de manera gratuita convergen talentos que a lo mejor no tendr\u00edan el dinero para pagar esta oportunidad en otra plaza y en la que se mezclan el viol\u00edn importado de m\u00e1s de 20 millones de pesos con su par adquirido por 800.000 pesos en una prender\u00eda y cuyo ni\u00f1o propietario llega en motocicleta tra\u00eddo por su padre desde una vereda de Piedecuesta o Lebrija.<\/p>\n<figure class=\"wp-caption alignleft\"><img decoding=\"async\" src=\"https:\/\/unab.edu.co\/cienciaabierta\/wp-content\/uploads\/2025\/12\/orquesta-5.jpg\" \/><figcaption class=\"wp-caption-text\">Algunos centros comerciales de Bucaramanga tambi\u00e9n han sido escenarios para las presentaciones de la Sinf\u00f3nica UNAB. Foto: \u00c9rika D\u00edaz Rangel<\/figcaption><\/figure>\n<p>El Proyecto Sinf\u00f3nico UNAB ha servido en esencia para ense\u00f1ar, formar y transformar vidas, ofreciendo maneras no convencionales de entretenimiento, contribuyendo a que los santandereanos sean m\u00e1s sensibles (y una pizca universales) con sonidos que no aturden, sino que inspiran.<br \/>\nLa recompensa no solo han sido las ovaciones de iniciados y legos, sino las palabras de aliento de quienes se acercan emocionados y les piden que el prop\u00f3sito de Sergio Acevedo y de quienes han seguido remando se mantenga.<\/p>\n<p>\u201c\u00c9ste es el \u00fanico proyecto serio y permanente de la regi\u00f3n que le sigue apostando a la m\u00fasica sinf\u00f3nica\u201d, acota Quesada Mart\u00ednez. Condici\u00f3n que lleva a que figuras como el maestro Eduardo Carrizosa y sus coequiperos le sigan metiendo el hombro a una propuesta que convoca p\u00fablico, que aporta mucho a Santander y que ayuda a formar j\u00f3venes profesionales, algunos de los cuales han saltado a la Sinf\u00f3nica Nacional (donde no reciben a inexpertos) o se desempe\u00f1an en el exterior[\/et_pb_text][\/et_pb_column][\/et_pb_row][\/et_pb_section]<\/p>\n","protected":false},"excerpt":{"rendered":"<p>\u00a1Compre la Orquesta!\u00a0Enviado especial de Ciencia Abierta UNAB. Reportero con 40 a\u00f1os de experiencia y tres Sim\u00f3n Bol\u00edvar. publicaciones@unab.edu.coProyecto asociado Llegamos con la m\u00fasica \u201cLa Sinf\u00f3nica UNAB: Formaci\u00f3n, Circulaci\u00f3n y Proyecci\u00f3n 2025&#8243; La UNAB cuenta con un Proyecto Sinf\u00f3nico ejemplar, reconocido por propios y extra\u00f1os como un agente de cambio cultural que ha formado nuevos [&hellip;]<\/p>\n","protected":false},"author":2,"featured_media":0,"comment_status":"closed","ping_status":"closed","sticky":false,"template":"","format":"standard","meta":{"_et_pb_use_builder":"on","_et_pb_old_content":"","_et_gb_content_width":"2880","footnotes":""},"categories":[18],"tags":[],"class_list":["post-1991","post","type-post","status-publish","format-standard","hentry","category-edicion-10"],"_links":{"self":[{"href":"https:\/\/unab.edu.co\/cienciaabierta\/wp-json\/wp\/v2\/posts\/1991","targetHints":{"allow":["GET"]}}],"collection":[{"href":"https:\/\/unab.edu.co\/cienciaabierta\/wp-json\/wp\/v2\/posts"}],"about":[{"href":"https:\/\/unab.edu.co\/cienciaabierta\/wp-json\/wp\/v2\/types\/post"}],"author":[{"embeddable":true,"href":"https:\/\/unab.edu.co\/cienciaabierta\/wp-json\/wp\/v2\/users\/2"}],"replies":[{"embeddable":true,"href":"https:\/\/unab.edu.co\/cienciaabierta\/wp-json\/wp\/v2\/comments?post=1991"}],"version-history":[{"count":6,"href":"https:\/\/unab.edu.co\/cienciaabierta\/wp-json\/wp\/v2\/posts\/1991\/revisions"}],"predecessor-version":[{"id":2162,"href":"https:\/\/unab.edu.co\/cienciaabierta\/wp-json\/wp\/v2\/posts\/1991\/revisions\/2162"}],"wp:attachment":[{"href":"https:\/\/unab.edu.co\/cienciaabierta\/wp-json\/wp\/v2\/media?parent=1991"}],"wp:term":[{"taxonomy":"category","embeddable":true,"href":"https:\/\/unab.edu.co\/cienciaabierta\/wp-json\/wp\/v2\/categories?post=1991"},{"taxonomy":"post_tag","embeddable":true,"href":"https:\/\/unab.edu.co\/cienciaabierta\/wp-json\/wp\/v2\/tags?post=1991"}],"curies":[{"name":"wp","href":"https:\/\/api.w.org\/{rel}","templated":true}]}}