{"id":50,"date":"2021-12-07T17:00:16","date_gmt":"2021-12-07T22:00:16","guid":{"rendered":"https:\/\/unab.edu.co\/cienciaabierta\/?p=50"},"modified":"2021-12-15T00:35:48","modified_gmt":"2021-12-15T05:35:48","slug":"envidio-la-cultura-colombiana-de-vivir-feliz","status":"publish","type":"post","link":"https:\/\/unab.edu.co\/cienciaabierta\/envidio-la-cultura-colombiana-de-vivir-feliz\/","title":{"rendered":"\u00abEnvidio la cultura colombia de vivir feliz\u00bb"},"content":{"rendered":"<p>[et_pb_section fb_built=\u00bb1&#8243; fullwidth=\u00bbon\u00bb _builder_version=\u00bb4.13.1&#8243; _module_preset=\u00bbdefault\u00bb global_colors_info=\u00bb{}\u00bb][et_pb_fullwidth_image src=\u00bbhttps:\/\/unab.edu.co\/cienciaabierta\/wp-content\/uploads\/2021\/12\/Envidio-la-cutlura-colombiana-scaled.jpg\u00bb title_text=\u00bbEnvidio-la-cutlura-colombiana\u00bb _builder_version=\u00bb4.13.1&#8243; _module_preset=\u00bbdefault\u00bb global_colors_info=\u00bb{}\u00bb][\/et_pb_fullwidth_image][\/et_pb_section][et_pb_section fb_built=\u00bb1&#8243; _builder_version=\u00bb4.13.1&#8243; _module_preset=\u00bbdefault\u00bb global_colors_info=\u00bb{}\u00bb][et_pb_row column_structure=\u00bb1_2,1_2&#8243; _builder_version=\u00bb4.13.1&#8243; _module_preset=\u00bbdefault\u00bb global_colors_info=\u00bb{}\u00bb][et_pb_column type=\u00bb1_2&#8243; _builder_version=\u00bb4.13.1&#8243; _module_preset=\u00bbdefault\u00bb global_colors_info=\u00bb{}\u00bb][et_pb_text _builder_version=\u00bb4.13.1&#8243; _module_preset=\u00bbdefault\u00bb text_font=\u00bbAlmarai||||||||\u00bb text_text_color=\u00bb#D1522A\u00bb header_font=\u00bb|700|||||||\u00bb header_text_color=\u00bb#D1522A\u00bb header_3_font=\u00bb||||||||\u00bb header_3_text_align=\u00bbleft\u00bb header_3_text_color=\u00bb#D1522A\u00bb header_3_font_size=\u00bb25px\u00bb text_orientation=\u00bbcenter\u00bb global_colors_info=\u00bb{}\u00bb]<\/p>\n<h3 style=\"text-align: center;\">Bell Park estuvo los \u00faltimos dos a\u00f1os estableciendo una red de relaciones entre su pa\u00eds, <strong>Corea del Sur<\/strong>, y la academia, gremios econ\u00f3micos y autoridades de la regi\u00f3n santandereana. Antes de emprender su viaje de regreso al otro lado del planeta, concedi\u00f3 esta entrevista a <strong>Ciencia Abierta<\/strong>.<\/h3>\n<p>[\/et_pb_text][\/et_pb_column][et_pb_column type=\u00bb1_2&#8243; _builder_version=\u00bb4.13.1&#8243; _module_preset=\u00bbdefault\u00bb global_colors_info=\u00bb{}\u00bb][et_pb_testimonial portrait_url=\u00bbhttps:\/\/unab.edu.co\/cienciaabierta\/wp-content\/uploads\/2021\/12\/IMG_6978-2.jpeg\u00bb quote_icon=\u00bboff\u00bb _builder_version=\u00bb4.14.2&#8243; _module_preset=\u00bbdefault\u00bb hover_enabled=\u00bb0&#8243; global_colors_info=\u00bb{}\u00bb sticky_enabled=\u00bb0&#8243; title_text=\u00bbIMG_6978 (2)\u00bb]<\/p>\n<h4 bis_size=\"{&quot;x&quot;:10,&quot;y&quot;:21,&quot;w&quot;:309,&quot;h&quot;:24,&quot;abs_x&quot;:332,&quot;abs_y&quot;:588}\"><strong>Por Luis Fernando Rueda Vivas<\/strong><\/h4>\n<p bis_size=\"{&quot;x&quot;:10,&quot;y&quot;:66,&quot;w&quot;:309,&quot;h&quot;:24,&quot;abs_x&quot;:332,&quot;abs_y&quot;:633}\" style=\"text-align: justify;\"><span style=\"color: #000000;\">Director Oficina de Comunicaci\u00f3n Organizacional Unab \u2013 Periodista con Maestr\u00eda en Comunicaci\u00f3n Digital y Especializaci\u00f3n en Periodismo Electr\u00f3nico.<\/span><\/p>\n<p bis_size=\"{&quot;x&quot;:10,&quot;y&quot;:106,&quot;w&quot;:309,&quot;h&quot;:24,&quot;abs_x&quot;:332,&quot;abs_y&quot;:673}\" style=\"text-align: justify;\"><span style=\"color: #000000;\">publicaciones@unab.edu.co<\/span><\/p>\n<p>[\/et_pb_testimonial][\/et_pb_column][\/et_pb_row][et_pb_row column_structure=\u00bb1_2,1_2&#8243; _builder_version=\u00bb4.13.1&#8243; _module_preset=\u00bbdefault\u00bb global_colors_info=\u00bb{}\u00bb][et_pb_column type=\u00bb1_2&#8243; _builder_version=\u00bb4.13.1&#8243; _module_preset=\u00bbdefault\u00bb global_colors_info=\u00bb{}\u00bb][et_pb_text _builder_version=\u00bb4.14.2&#8243; _module_preset=\u00bbdefault\u00bb hover_enabled=\u00bb0&#8243; global_colors_info=\u00bb{}\u00bb sticky_enabled=\u00bb0&#8243;]<\/p>\n<p bis_size=\"{&quot;x&quot;:10,&quot;y&quot;:15,&quot;w&quot;:309,&quot;h&quot;:288,&quot;abs_x&quot;:303,&quot;abs_y&quot;:415}\" style=\"text-align: justify;\"><span style=\"font-weight: 400; color: #000000;\" bis_size=\"{&quot;x&quot;:10,&quot;y&quot;:18,&quot;w&quot;:304,&quot;h&quot;:281,&quot;abs_x&quot;:303,&quot;abs_y&quot;:418}\">De las primeras cosas que le llamaron la atenci\u00f3n de los santandereanos a Bell J.C Park (Joung Chun), un surcoreano que ha viajado por el mundo entero y que desde hace cinco a\u00f1os fij\u00f3 su lugar de residencia en Bucaramanga -a m\u00e1s de 14 mil kil\u00f3metros de distancia de su pa\u00eds natal- es su elocuencia. Le impresiona encontrar personas capaces de hablar durante una hora seguida sin apoyarse en notas escritas pero, eso s\u00ed, considera que \u201cla conversaci\u00f3n deber\u00eda tener contenido m\u00e1s valioso\u201d.\u00a0<\/span><\/p>\n<p bis_size=\"{&quot;x&quot;:10,&quot;y&quot;:320,&quot;w&quot;:309,&quot;h&quot;:288,&quot;abs_x&quot;:303,&quot;abs_y&quot;:720}\" style=\"text-align: justify;\"><span style=\"color: #000000;\" bis_size=\"{&quot;x&quot;:10,&quot;y&quot;:322,&quot;w&quot;:303,&quot;h&quot;:281,&quot;abs_x&quot;:303,&quot;abs_y&quot;:722}\"><span style=\"font-weight: 400;\" bis_size=\"{&quot;x&quot;:10,&quot;y&quot;:322,&quot;w&quot;:303,&quot;h&quot;:257,&quot;abs_x&quot;:303,&quot;abs_y&quot;:722}\">Para este asesor de negocios internacionales (Se\u00fal, 1950), graduado de Estudios Internacionales en la Universidad de Hangkuk (Corea del Sur), mag\u00edster en Administraci\u00f3n de Empresas de la Escuela en Econom\u00eda y Administraci\u00f3n de Empresas de Helsinki (Finlandia) y Phd en Comercio Internacional de la Universidad de Dongguk (Corea del Sur), \u201cdebemos escuchar mucho en vez de hablar mucho\u201d. Recuerda el proverbio <\/span><span style=\"font-weight: 400;\" bis_size=\"{&quot;x&quot;:170,&quot;y&quot;:562,&quot;w&quot;:123,&quot;h&quot;:17,&quot;abs_x&quot;:463,&quot;abs_y&quot;:962}\">coreano que dice: <\/span><b bis_size=\"{&quot;x&quot;:10,&quot;y&quot;:586,&quot;w&quot;:226,&quot;h&quot;:17,&quot;abs_x&quot;:303,&quot;abs_y&quot;:986}\">\u201cUn carro vac\u00edo es ruidoso\u201d<\/b><span style=\"font-weight: 400;\" bis_size=\"{&quot;x&quot;:237,&quot;y&quot;:586,&quot;w&quot;:4,&quot;h&quot;:17,&quot;abs_x&quot;:530,&quot;abs_y&quot;:986}\">.<\/span><\/span><\/p>\n<p bis_size=\"{&quot;x&quot;:10,&quot;y&quot;:624,&quot;w&quot;:309,&quot;h&quot;:168,&quot;abs_x&quot;:303,&quot;abs_y&quot;:1024}\" style=\"text-align: justify;\"><span style=\"color: #000000;\" bis_size=\"{&quot;x&quot;:10,&quot;y&quot;:626,&quot;w&quot;:299,&quot;h&quot;:161,&quot;abs_x&quot;:303,&quot;abs_y&quot;:1026}\"><span style=\"font-weight: 400;\" bis_size=\"{&quot;x&quot;:10,&quot;y&quot;:626,&quot;w&quot;:299,&quot;h&quot;:161,&quot;abs_x&quot;:303,&quot;abs_y&quot;:1026}\"><span style=\"font-weight: 400; color: #000000;\" bis_size=\"{&quot;x&quot;:10,&quot;y&quot;:626,&quot;w&quot;:299,&quot;h&quot;:161,&quot;abs_x&quot;:303,&quot;abs_y&quot;:1026}\">Park se vincul\u00f3 en 2019 a la Universidad Aut\u00f3noma de Bucaramanga (UNAB), en la oficina de Relaciones Nacionales e Internacionales como asesor de cooperaci\u00f3n, luego de haber prestado sus servicios en la Agencia de Cooperaci\u00f3n Internacional de Corea, Koica.<\/span><\/span><\/span><\/p>\n<p>[\/et_pb_text][\/et_pb_column][et_pb_column type=\u00bb1_2&#8243; _builder_version=\u00bb4.13.1&#8243; _module_preset=\u00bbdefault\u00bb global_colors_info=\u00bb{}\u00bb][et_pb_text _builder_version=\u00bb4.14.2&#8243; _module_preset=\u00bbdefault\u00bb hover_enabled=\u00bb0&#8243; global_colors_info=\u00bb{}\u00bb sticky_enabled=\u00bb0&#8243;]<\/p>\n<p bis_size=\"{&quot;x&quot;:10,&quot;y&quot;:15,&quot;w&quot;:309,&quot;h&quot;:336,&quot;abs_x&quot;:332,&quot;abs_y&quot;:396}\" style=\"text-align: justify;\"><span style=\"font-weight: 400; color: #000000;\" bis_size=\"{&quot;x&quot;:10,&quot;y&quot;:18,&quot;w&quot;:308,&quot;h&quot;:329,&quot;abs_x&quot;:332,&quot;abs_y&quot;:399}\">En esta dependencia ha ayudado a concretar tres nuevos convenios de cooperaci\u00f3n con universidades de ese pa\u00eds: Korea National University of Arts, Kyung Hee Medical Science Research Institute y Silla University (SU) para sumar un total de cinco convenios con instituciones coreanas. Con el \u00e1rea de Investigaciones ha trabajado en dos proyectos en cooperaci\u00f3n con Corea: Centro estrat\u00e9gico para la prevenci\u00f3n, control y tratamiento de diabetes en el Noreste de Colombia (con Koica) y Centro de Innovaci\u00f3n en salud (en proceso con el Ministerio de Educaci\u00f3n).\u00a0<\/span><\/p>\n<p bis_size=\"{&quot;x&quot;:10,&quot;y&quot;:368,&quot;w&quot;:309,&quot;h&quot;:120,&quot;abs_x&quot;:332,&quot;abs_y&quot;:749}\" style=\"text-align: justify;\"><span style=\"font-weight: 400; color: #000000;\" bis_size=\"{&quot;x&quot;:10,&quot;y&quot;:370,&quot;w&quot;:300,&quot;h&quot;:113,&quot;abs_x&quot;:332,&quot;abs_y&quot;:751}\">Despu\u00e9s de la Guerra de Corea, en 1950, Corea del Sur se convirti\u00f3 en la duod\u00e9cima econom\u00eda m\u00e1s grande y el s\u00e9ptimo pa\u00eds exportador luego de ser una naci\u00f3n empobrecida.<\/span><\/p>\n<p bis_size=\"{&quot;x&quot;:10,&quot;y&quot;:504,&quot;w&quot;:309,&quot;h&quot;:24,&quot;abs_x&quot;:332,&quot;abs_y&quot;:885}\" style=\"text-align: justify;\"><span style=\"font-weight: 400; color: #000000;\" bis_size=\"{&quot;x&quot;:10,&quot;y&quot;:506,&quot;w&quot;:0,&quot;h&quot;:17,&quot;abs_x&quot;:332,&quot;abs_y&quot;:887}\"><span style=\"color: #000000;\">Park habl\u00f3 con <i>Ciencia Abierta<\/i>\u00a0sobre el inter\u00e9s por Colombia, los retos que tiene esta regi\u00f3n del pa\u00eds para acelerar su desarrollo econ\u00f3mico, sus fortalezas y debilidades as\u00ed como el significado de lo que \u00e9l mismo llama \u201cla estrella de la esperanza\u201d.<\/span><\/span><\/p>\n<p>[\/et_pb_text][\/et_pb_column][\/et_pb_row][et_pb_row _builder_version=\u00bb4.13.1&#8243; _module_preset=\u00bbdefault\u00bb global_colors_info=\u00bb{}\u00bb][et_pb_column type=\u00bb4_4&#8243; _builder_version=\u00bb4.13.1&#8243; _module_preset=\u00bbdefault\u00bb global_colors_info=\u00bb{}\u00bb][et_pb_text _builder_version=\u00bb4.13.1&#8243; _module_preset=\u00bbdefault\u00bb text_font=\u00bbAlmarai||||||||\u00bb text_text_color=\u00bb#D1522A\u00bb header_font=\u00bb|700|||||||\u00bb header_text_color=\u00bb#D1522A\u00bb header_3_font=\u00bb||||||||\u00bb header_3_text_align=\u00bbleft\u00bb header_3_text_color=\u00bb#D1522A\u00bb header_3_font_size=\u00bb25px\u00bb text_orientation=\u00bbcenter\u00bb global_colors_info=\u00bb{}\u00bb]<\/p>\n<h3 style=\"text-align: center;\">\u00bfQu\u00e9 fue lo primero que le llam\u00f3 la atenci\u00f3n de esta ciudad?<\/h3>\n<p>[\/et_pb_text][et_pb_text _builder_version=\u00bb4.14.2&#8243; _module_preset=\u00bbdefault\u00bb hover_enabled=\u00bb0&#8243; global_colors_info=\u00bb{}\u00bb sticky_enabled=\u00bb0&#8243;]<\/p>\n<p style=\"text-align: justify;\" bis_size=\"{&quot;x&quot;:10,&quot;y&quot;:15,&quot;w&quot;:309,&quot;h&quot;:288,&quot;abs_x&quot;:301,&quot;abs_y&quot;:417}\"><span style=\"font-weight: 400; color: #000000;\" bis_size=\"{&quot;x&quot;:10,&quot;y&quot;:18,&quot;w&quot;:309,&quot;h&quot;:281,&quot;abs_x&quot;:301,&quot;abs_y&quot;:420}\">La cantidad de instituciones educativas y el buen clima. Una cosa sorprendente es que hay muchas universidades, pero muy pocas personas hablan ingl\u00e9s. Adem\u00e1s, la cultura de la comunicaci\u00f3n intergeneracional, especialmente la de ser como amigos entre padres e hijos, fue una gran diferencia y envidia con la cultura coreana de \u201chonrar a los adultos\u201d basada en la filosof\u00eda confuciana. Este di\u00e1logo y elocuencia libres ser\u00e1n un arma importante para los negocios internacionales.<\/span><\/p>\n<p>[\/et_pb_text][\/et_pb_column][\/et_pb_row][et_pb_row _builder_version=\u00bb4.13.1&#8243; _module_preset=\u00bbdefault\u00bb global_colors_info=\u00bb{}\u00bb][et_pb_column type=\u00bb4_4&#8243; _builder_version=\u00bb4.13.1&#8243; _module_preset=\u00bbdefault\u00bb global_colors_info=\u00bb{}\u00bb][et_pb_text _builder_version=\u00bb4.13.1&#8243; _module_preset=\u00bbdefault\u00bb text_font=\u00bbAlmarai||||||||\u00bb text_text_color=\u00bb#D1522A\u00bb header_font=\u00bb|700|||||||\u00bb header_text_color=\u00bb#D1522A\u00bb header_3_font=\u00bb||||||||\u00bb header_3_text_align=\u00bbleft\u00bb header_3_text_color=\u00bb#D1522A\u00bb header_3_font_size=\u00bb25px\u00bb text_orientation=\u00bbcenter\u00bb global_colors_info=\u00bb{}\u00bb]<\/p>\n<h3 style=\"text-align: center;\">\u00bfQu\u00e9 ha hecho a Corea del Sur una naci\u00f3n tan desarrollada?<\/h3>\n<p>[\/et_pb_text][\/et_pb_column][\/et_pb_row][et_pb_row column_structure=\u00bb1_2,1_2&#8243; _builder_version=\u00bb4.13.1&#8243; _module_preset=\u00bbdefault\u00bb global_colors_info=\u00bb{}\u00bb][et_pb_column type=\u00bb1_2&#8243; _builder_version=\u00bb4.13.1&#8243; _module_preset=\u00bbdefault\u00bb global_colors_info=\u00bb{}\u00bb][et_pb_text _builder_version=\u00bb4.14.2&#8243; _module_preset=\u00bbdefault\u00bb hover_enabled=\u00bb0&#8243; global_colors_info=\u00bb{}\u00bb sticky_enabled=\u00bb0&#8243;]<\/p>\n<p bis_size=\"{&quot;x&quot;:10,&quot;y&quot;:15,&quot;w&quot;:309,&quot;h&quot;:384,&quot;abs_x&quot;:332,&quot;abs_y&quot;:395}\" style=\"text-align: justify;\"><span style=\"font-weight: 400; color: #000000;\" bis_size=\"{&quot;x&quot;:10,&quot;y&quot;:18,&quot;w&quot;:308,&quot;h&quot;:377,&quot;abs_x&quot;:332,&quot;abs_y&quot;:398}\">El factor de \u00e9xito m\u00e1s grande es la pasi\u00f3n por la educaci\u00f3n. En mi pa\u00eds, la m\u00e1xima prioridad de todas las pol\u00edticas es la formaci\u00f3n del recurso humano. Los padres sacrifican todo lo que tienen por la educaci\u00f3n de sus hijos. El segundo, es una sociedad con un sistema competitivo desde la escuela media hasta la admisi\u00f3n a la universidad, para conseguir un trabajo como servidor p\u00fablico o en una empresa. El tercero es el sistema de servicio civil vitalicio, el cual permite que los funcionarios p\u00fablicos contratados mediante ex\u00e1menes est\u00e1n legalmente garantizados hasta su jubilaci\u00f3n (sesenta a\u00f1os). <\/span><\/p>\n<p>[\/et_pb_text][\/et_pb_column][et_pb_column type=\u00bb1_2&#8243; _builder_version=\u00bb4.13.1&#8243; _module_preset=\u00bbdefault\u00bb global_colors_info=\u00bb{}\u00bb][et_pb_text _builder_version=\u00bb4.14.2&#8243; _module_preset=\u00bbdefault\u00bb hover_enabled=\u00bb0&#8243; global_colors_info=\u00bb{}\u00bb sticky_enabled=\u00bb0&#8243;]<\/p>\n<p style=\"text-align: justify;\" bis_size=\"{&quot;x&quot;:10,&quot;y&quot;:15,&quot;w&quot;:309,&quot;h&quot;:336,&quot;abs_x&quot;:297,&quot;abs_y&quot;:419}\"><span style=\"font-weight: 400; color: #000000;\" bis_size=\"{&quot;x&quot;:10,&quot;y&quot;:18,&quot;w&quot;:309,&quot;h&quot;:329,&quot;abs_x&quot;:297,&quot;abs_y&quot;:422}\">El cuarto es una pol\u00edtica de apoyo a las empresas. La principal prioridad de la pol\u00edtica es facilitar las regulaciones administrativas, fomentar la formaci\u00f3n, el apoyo financiero y el marketing en el extranjero para que las empresas puedan seguir creciendo mientras responden al entorno global que cambia r\u00e1pidamente. El quinto es la nacionalidad diligente y el esp\u00edritu de desaf\u00edo. Los coreanos trabajaron en sitios de construcci\u00f3n en el Medio Oriente a 40 grados cent\u00edgrados y pescaron en oc\u00e9anos como el Pac\u00edfico y el Atl\u00e1ntico. Exportamos productos a 240 pa\u00edses. <\/span><\/p>\n<p>[\/et_pb_text][\/et_pb_column][\/et_pb_row][et_pb_row _builder_version=\u00bb4.13.1&#8243; _module_preset=\u00bbdefault\u00bb global_colors_info=\u00bb{}\u00bb][et_pb_column type=\u00bb4_4&#8243; _builder_version=\u00bb4.13.1&#8243; _module_preset=\u00bbdefault\u00bb global_colors_info=\u00bb{}\u00bb][et_pb_text _builder_version=\u00bb4.13.1&#8243; _module_preset=\u00bbdefault\u00bb text_font=\u00bbAlmarai||||||||\u00bb text_text_color=\u00bb#D1522A\u00bb header_font=\u00bb|700|||||||\u00bb header_text_color=\u00bb#D1522A\u00bb header_3_font=\u00bb||||||||\u00bb header_3_text_align=\u00bbleft\u00bb header_3_text_color=\u00bb#D1522A\u00bb header_3_font_size=\u00bb25px\u00bb text_orientation=\u00bbcenter\u00bb global_colors_info=\u00bb{}\u00bb]<\/p>\n<h3 style=\"text-align: center;\">\u00bfEn su tiempo de permanencia en nuestro pa\u00eds qu\u00e9 ha podido \u2018descifrar\u2019 de la personalidad de los colombianos?<\/h3>\n<p>[\/et_pb_text][\/et_pb_column][\/et_pb_row][et_pb_row _builder_version=\u00bb4.13.1&#8243; _module_preset=\u00bbdefault\u00bb global_colors_info=\u00bb{}\u00bb][et_pb_column type=\u00bb4_4&#8243; _builder_version=\u00bb4.13.1&#8243; _module_preset=\u00bbdefault\u00bb global_colors_info=\u00bb{}\u00bb][et_pb_text _builder_version=\u00bb4.14.2&#8243; _module_preset=\u00bbdefault\u00bb hover_enabled=\u00bb0&#8243; global_colors_info=\u00bb{}\u00bb sticky_enabled=\u00bb0&#8243;]<\/p>\n<p bis_size=\"{&quot;x&quot;:10,&quot;y&quot;:15,&quot;w&quot;:309,&quot;h&quot;:240,&quot;abs_x&quot;:299,&quot;abs_y&quot;:418}\" style=\"text-align: justify;\"><span style=\"color: #000000;\" bis_size=\"{&quot;x&quot;:10,&quot;y&quot;:18,&quot;w&quot;:307,&quot;h&quot;:233,&quot;abs_x&quot;:299,&quot;abs_y&quot;:421}\"><span style=\"font-weight: 400;\" bis_size=\"{&quot;x&quot;:10,&quot;y&quot;:18,&quot;w&quot;:295,&quot;h&quot;:113,&quot;abs_x&quot;:299,&quot;abs_y&quot;:421}\">Desde una perspectiva coreana, envidio la cultura colombiana de vivir feliz independientemente de los ingresos econ\u00f3micos y vivir tranquilamente sin prisas, <\/span><span style=\"font-weight: 400;\" bis_size=\"{&quot;x&quot;:10,&quot;y&quot;:114,&quot;w&quot;:307,&quot;h&quot;:137,&quot;abs_x&quot;:299,&quot;abs_y&quot;:517}\">la cultura \u2018tranquilo\u2019. Sin embargo, creo que para que Colombia viva en una era global, es necesario llevar bien el tiempo, una cultura que valore escuchar m\u00e1s que hablar y una cultura que respete a los dem\u00e1s.<\/span><\/span><\/p>\n<p bis_size=\"{&quot;x&quot;:10,&quot;y&quot;:272,&quot;w&quot;:309,&quot;h&quot;:360,&quot;abs_x&quot;:299,&quot;abs_y&quot;:675}\" style=\"text-align: justify;\"><span style=\"font-weight: 400; color: #000000;\" bis_size=\"{&quot;x&quot;:10,&quot;y&quot;:274,&quot;w&quot;:307,&quot;h&quot;:353,&quot;abs_x&quot;:299,&quot;abs_y&quot;:677}\">Es necesario formar expertos que puedan cultivar productos agr\u00edcolas de alta calidad junto con biotecnolog\u00eda. Se requiere, adem\u00e1s, educaci\u00f3n que mejore la competitividad de la industria del contenido, como juegos, m\u00fasica, video, animaci\u00f3n y dise\u00f1o, en lugar de la industria manufacturera, y el apoyo total del Gobierno para esto. La base m\u00e1s importante para fomentar esta mano de obra son los idiomas extranjeros. El ingl\u00e9s es el b\u00e1sico y, sobre todo, necesitan aprender idiomas del noreste de Asia como el coreano, el chino y el japon\u00e9s, adem\u00e1s de Rusia, que son mercados emergentes.<\/span><\/p>\n<p>[\/et_pb_text][\/et_pb_column][\/et_pb_row][et_pb_row column_structure=\u00bb1_2,1_2&#8243; _builder_version=\u00bb4.13.1&#8243; _module_preset=\u00bbdefault\u00bb global_colors_info=\u00bb{}\u00bb][et_pb_column type=\u00bb1_2&#8243; _builder_version=\u00bb4.13.1&#8243; _module_preset=\u00bbdefault\u00bb global_colors_info=\u00bb{}\u00bb][et_pb_image src=\u00bbhttps:\/\/unab.edu.co\/cienciaabierta\/wp-content\/uploads\/2021\/12\/IMG_2687.jpeg\u00bb title_text=\u00bbIMG_2687&#8243; align=\u00bbright\u00bb _builder_version=\u00bb4.13.1&#8243; _module_preset=\u00bbdefault\u00bb border_radii=\u00bbon|15px|15px|15px|15px\u00bb global_colors_info=\u00bb{}\u00bb][\/et_pb_image][\/et_pb_column][et_pb_column type=\u00bb1_2&#8243; _builder_version=\u00bb4.13.1&#8243; _module_preset=\u00bbdefault\u00bb global_colors_info=\u00bb{}\u00bb][et_pb_text _builder_version=\u00bb4.13.1&#8243; _module_preset=\u00bbdefault\u00bb text_font=\u00bbAlmarai||||||||\u00bb text_text_color=\u00bb#D1522A\u00bb header_font=\u00bb||||||||\u00bb header_text_color=\u00bb#D1522A\u00bb header_font_size=\u00bb46px\u00bb global_colors_info=\u00bb{}\u00bb]<\/p>\n<blockquote>\n<h1 style=\"text-align: center;\"><span style=\"font-weight: 400;\">\u00abSantander es una regi\u00f3n con <strong>enorme potencial de desarrollo econ\u00f3mico<\/strong>\u00ab.<\/span><\/h1>\n<p style=\"text-align: center;\"><span style=\"font-weight: 400;\">Bell Park \/ Foto: Luis Fernando Rueda<\/span><\/p>\n<\/blockquote>\n<p>[\/et_pb_text][\/et_pb_column][\/et_pb_row][et_pb_row _builder_version=\u00bb4.13.1&#8243; _module_preset=\u00bbdefault\u00bb global_colors_info=\u00bb{}\u00bb][et_pb_column type=\u00bb4_4&#8243; _builder_version=\u00bb4.13.1&#8243; _module_preset=\u00bbdefault\u00bb global_colors_info=\u00bb{}\u00bb][et_pb_text _builder_version=\u00bb4.13.1&#8243; _module_preset=\u00bbdefault\u00bb text_font=\u00bbAlmarai||||||||\u00bb text_text_color=\u00bb#D1522A\u00bb header_font=\u00bb||||||||\u00bb header_text_color=\u00bb#D1522A\u00bb header_3_font=\u00bb||||||||\u00bb header_3_text_align=\u00bbleft\u00bb header_3_text_color=\u00bb#D1522A\u00bb header_3_font_size=\u00bb25px\u00bb text_orientation=\u00bbcenter\u00bb global_colors_info=\u00bb{}\u00bb]<\/p>\n<h3 style=\"text-align: center;\">Usted ha trabajado por mucho tiempo en el campo de las relaciones comerciales, \u00bfcu\u00e1les acciones se han podido concretar desde su llegada y c\u00f3mo benefician a ambas naciones?<\/h3>\n<p>[\/et_pb_text][\/et_pb_column][\/et_pb_row][et_pb_row column_structure=\u00bb1_2,1_2&#8243; _builder_version=\u00bb4.13.1&#8243; _module_preset=\u00bbdefault\u00bb global_colors_info=\u00bb{}\u00bb][et_pb_column type=\u00bb1_2&#8243; _builder_version=\u00bb4.13.1&#8243; _module_preset=\u00bbdefault\u00bb global_colors_info=\u00bb{}\u00bb][et_pb_text _builder_version=\u00bb4.14.2&#8243; _module_preset=\u00bbdefault\u00bb hover_enabled=\u00bb0&#8243; global_colors_info=\u00bb{}\u00bb sticky_enabled=\u00bb0&#8243;]<\/p>\n<p bis_size=\"{&quot;x&quot;:10,&quot;y&quot;:15,&quot;w&quot;:309,&quot;h&quot;:408,&quot;abs_x&quot;:331,&quot;abs_y&quot;:396}\" style=\"text-align: justify;\"><span style=\"color: #000000;\" bis_size=\"{&quot;x&quot;:10,&quot;y&quot;:18,&quot;w&quot;:302,&quot;h&quot;:401,&quot;abs_x&quot;:331,&quot;abs_y&quot;:399}\"><span style=\"font-weight: 400;\" bis_size=\"{&quot;x&quot;:10,&quot;y&quot;:18,&quot;w&quot;:302,&quot;h&quot;:353,&quot;abs_x&quot;:331,&quot;abs_y&quot;:399}\">Estoy convencido de que Santander es una regi\u00f3n con potencial de enorme desarrollo econ\u00f3mico. A trav\u00e9s de Koica enviamos funcionarios p\u00fablicos y representantes de organizaciones econ\u00f3micas a Corea del Sur cada a\u00f1o para aprender sobre competitividad internacional e innovaci\u00f3n empresarial. El pr\u00f3ximo a\u00f1o quiero crear otra oportunidad en torno a pol\u00edticas de promoci\u00f3n de tecnolog\u00eda. Para apoyar el fomento de la industria de contenidos culturales de Santander se instal\u00f3 un Centro de Acceso a la Informaci\u00f3n por valor de $700 millones en el Instituto Municipal de Cultura y Turismo<\/span> <span style=\"font-weight: 400;\" bis_size=\"{&quot;x&quot;:10,&quot;y&quot;:354,&quot;w&quot;:270,&quot;h&quot;:65,&quot;abs_x&quot;:331,&quot;abs_y&quot;:735}\">con el apoyo de la Agencia Nacional de la Sociedad de la Informaci\u00f3n de Corea. <\/span><\/span><\/p>\n<p>[\/et_pb_text][\/et_pb_column][et_pb_column type=\u00bb1_2&#8243; _builder_version=\u00bb4.13.1&#8243; _module_preset=\u00bbdefault\u00bb global_colors_info=\u00bb{}\u00bb][et_pb_text _builder_version=\u00bb4.14.2&#8243; _module_preset=\u00bbdefault\u00bb hover_enabled=\u00bb0&#8243; global_colors_info=\u00bb{}\u00bb sticky_enabled=\u00bb0&#8243;]<\/p>\n<p style=\"text-align: justify;\" bis_size=\"{&quot;x&quot;:10,&quot;y&quot;:15,&quot;w&quot;:309,&quot;h&quot;:336,&quot;abs_x&quot;:297,&quot;abs_y&quot;:419}\"><span style=\"color: #000000;\" bis_size=\"{&quot;x&quot;:10,&quot;y&quot;:18,&quot;w&quot;:309,&quot;h&quot;:329,&quot;abs_x&quot;:297,&quot;abs_y&quot;:422}\">Adem\u00e1s, con el apoyo del Instituto Coreano para el Avance de la Tecnolog\u00eda, apoy\u00e9 el proyecto para transferir la tecnolog\u00eda de autopartes coreanas a empresas de aqu\u00ed. Recientemente, la C\u00e1mara de Comercio de Bucaramanga y las empresas coreanas est\u00e1n ampliando sus redes comerciales para atraer empresas coreanas y exportar productos de Santander a Corea. En particular, estoy trabajando arduamente para firmar un acuerdo de cooperaci\u00f3n empresarial con organizaciones relacionadas con el comercio como la Asociaci\u00f3n de Importadores de Corea.<\/span><\/p>\n<p>[\/et_pb_text][\/et_pb_column][\/et_pb_row][et_pb_row _builder_version=\u00bb4.13.1&#8243; _module_preset=\u00bbdefault\u00bb global_colors_info=\u00bb{}\u00bb][et_pb_column type=\u00bb4_4&#8243; _builder_version=\u00bb4.13.1&#8243; _module_preset=\u00bbdefault\u00bb global_colors_info=\u00bb{}\u00bb][et_pb_text _builder_version=\u00bb4.13.1&#8243; _module_preset=\u00bbdefault\u00bb text_font=\u00bbAlmarai||||||||\u00bb text_text_color=\u00bb#D1522A\u00bb header_font=\u00bb||||||||\u00bb header_text_color=\u00bb#D1522A\u00bb header_3_font=\u00bb||||||||\u00bb header_3_text_align=\u00bbleft\u00bb header_3_text_color=\u00bb#D1522A\u00bb header_3_font_size=\u00bb25px\u00bb text_orientation=\u00bbcenter\u00bb global_colors_info=\u00bb{}\u00bb]<\/p>\n<h3 style=\"text-align: center;\">La educaci\u00f3n es una prioridad en Corea del Sur. \u00bfQu\u00e9 camino nos falta recorrer aqu\u00ed para llegar hasta donde ustedes lo han hecho?<\/h3>\n<p>[\/et_pb_text][et_pb_text _builder_version=\u00bb4.14.2&#8243; _module_preset=\u00bbdefault\u00bb hover_enabled=\u00bb0&#8243; global_colors_info=\u00bb{}\u00bb sticky_enabled=\u00bb0&#8243;]<\/p>\n<p bis_size=\"{&quot;x&quot;:10,&quot;y&quot;:15,&quot;w&quot;:309,&quot;h&quot;:408,&quot;abs_x&quot;:298,&quot;abs_y&quot;:419}\" style=\"text-align: justify;\"><span style=\"font-weight: 400; color: #000000;\" bis_size=\"{&quot;x&quot;:10,&quot;y&quot;:18,&quot;w&quot;:305,&quot;h&quot;:401,&quot;abs_x&quot;:298,&quot;abs_y&quot;:422}\">Para que la educaci\u00f3n se convierta en la fuerza impulsora del desarrollo de la ciudad, es necesario primero innovar con pol\u00edticas y sistemas. En otras palabras, solo cuando se crea e implementa un sistema de competencia leal, la educaci\u00f3n puede avanzar en la direcci\u00f3n correcta. La universidad debe tener un profesorado excelente. En Corea es dif\u00edcil convertirse en profesor universitario, incluso despu\u00e9s de obtener un doctorado en los Estados Unidos. Adem\u00e1s, la educaci\u00f3n universitaria debe cultivar los recursos humanos requeridos por las empresas. Tal sistema educativo traer\u00e1 un c\u00edrculo virtuoso y aumentar\u00e1 la competitividad de la industria.<\/span><\/p>\n<p>[\/et_pb_text][et_pb_text _builder_version=\u00bb4.13.1&#8243; _module_preset=\u00bbdefault\u00bb text_font=\u00bbAlmarai||||||||\u00bb text_text_color=\u00bb#D1522A\u00bb header_font=\u00bb||||||||\u00bb header_text_color=\u00bb#D1522A\u00bb header_3_font=\u00bb||||||||\u00bb header_3_text_align=\u00bbleft\u00bb header_3_text_color=\u00bb#D1522A\u00bb header_3_font_size=\u00bb25px\u00bb text_orientation=\u00bbcenter\u00bb global_colors_info=\u00bb{}\u00bb]<\/p>\n<h3 style=\"text-align: center;\">\u00bfQu\u00e9 les dir\u00eda a sus compatriotas empresarios sobre las razones para creer e invertir en Colombia, y espec\u00edficamente, en Bucaramanga?<\/h3>\n<p>[\/et_pb_text][et_pb_text _builder_version=\u00bb4.14.2&#8243; _module_preset=\u00bbdefault\u00bb hover_enabled=\u00bb0&#8243; global_colors_info=\u00bb{}\u00bb sticky_enabled=\u00bb0&#8243;]<\/p>\n<p bis_size=\"{&quot;x&quot;:10,&quot;y&quot;:15,&quot;w&quot;:309,&quot;h&quot;:552,&quot;abs_x&quot;:333,&quot;abs_y&quot;:395}\" style=\"text-align: justify;\"><span style=\"font-weight: 400; color: #000000;\" bis_size=\"{&quot;x&quot;:10,&quot;y&quot;:18,&quot;w&quot;:308,&quot;h&quot;:546,&quot;abs_x&quot;:333,&quot;abs_y&quot;:398}\">Colombia es\u00a0 muy atractiva para los inversores porque los indicadores macroecon\u00f3micos como los tipos de cambio y las tasas de inter\u00e9s son muy estables. En particular, la excelente mano de obra joven de Bucaramanga y los abundantes productos agr\u00edcolas son atractivos elementos de inversi\u00f3n. Como centro de procesamiento de caf\u00e9 y cacao, as\u00ed como de productos agr\u00edcolas, enfatiza su potencial de crecimiento. Conf\u00edo en los m\u00e9ritos de ser un \u00e1rea de cultivo y procesamiento de cultivos subtropicales, que es una materia prima importante para cosm\u00e9ticos y farmac\u00e9uticos, y la posibilidad de \u00e9xito como base de producci\u00f3n de dispositivos m\u00e9dicos en Am\u00e9rica Latina basada en la industria de la salud. Adem\u00e1s, creo que hay valor para la inversi\u00f3n como centro de salud para ancianos jubilados de Estados Unidos y Asia, que vincula la mejor industria del turismo y la salud en Am\u00e9rica Latina.<\/span><\/p>\n<p>[\/et_pb_text][et_pb_text _builder_version=\u00bb4.13.1&#8243; _module_preset=\u00bbdefault\u00bb text_font=\u00bbAlmarai||||||||\u00bb text_text_color=\u00bb#D1522A\u00bb header_font=\u00bb||||||||\u00bb header_text_color=\u00bb#D1522A\u00bb header_3_font=\u00bb||||||||\u00bb header_3_text_align=\u00bbleft\u00bb header_3_text_color=\u00bb#D1522A\u00bb header_3_font_size=\u00bb25px\u00bb text_orientation=\u00bbcenter\u00bb global_colors_info=\u00bb{}\u00bb]<\/p>\n<h3 style=\"text-align: center;\">Un trino suyo en Twitter, hace unos d\u00edas, dice: \u201cEl amanecer de tu Bucaramanga toca a tu casa. Ha llegado la estrella <i>Dawn of Hope<\/i>. Esa estrella es la estrella de la esperanza que te protege\u201d. \u00bfCu\u00e1l es el significado de ese mensaje?<\/h3>\n<p>[\/et_pb_text][et_pb_text _builder_version=\u00bb4.14.2&#8243; _module_preset=\u00bbdefault\u00bb hover_enabled=\u00bb0&#8243; global_colors_info=\u00bb{}\u00bb sticky_enabled=\u00bb0&#8243;]<\/p>\n<p style=\"text-align: justify;\"><span style=\"color: #000000;\"><span style=\"font-weight: 400;\">Yo, por supuesto, siempre he cre\u00eddo en el poder de la esperanza y la positividad. <\/span><span style=\"font-weight: 400;\">He visitado m\u00e1s de 100 pa\u00edses y ciudades de todo el mundo, pero es dif\u00edcil encontrar un lugar mejor para vivir y hacer negocios que Santander. Sin embargo, parece que faltan los sue\u00f1os y la fe en el futuro que tiene la ciudadan\u00eda. La era global nos llega m\u00e1s r\u00e1pido de lo que pensamos. Es una estrella que nos pone bien. Lo que hace que esa esperanza sea nuestra vida depende de nuestros esfuerzos, especialmente de la generaci\u00f3n m\u00e1s joven. Conozco a muchos j\u00f3venes de Santander que son capaces, talentosos y tienen una gran visi\u00f3n. Son las estrellas que har\u00e1n que Santander y Bucaramanga tengan una vida pr\u00f3spera en el futuro. Las universidades, los gobiernos, las alcald\u00edas y los empresarios deben alentarlos y ayudarlos a convertirse en estrellas de negocios de clase mundial.<\/span><\/span><\/p>\n<p>[\/et_pb_text][\/et_pb_column][\/et_pb_row][\/et_pb_section]<\/p>\n","protected":false},"excerpt":{"rendered":"<p>Bell Park estuvo los \u00faltimos dos a\u00f1os estableciendo una red de relaciones entre su pa\u00eds, Corea del Sur, y la academia, gremios econ\u00f3micos y autoridades de la regi\u00f3n santandereana. Antes de emprender su viaje de regreso al otro lado del planeta, concedi\u00f3 esta entrevista a Ciencia Abierta.Por Luis Fernando Rueda Vivas Director Oficina de Comunicaci\u00f3n [&hellip;]<\/p>\n","protected":false},"author":2,"featured_media":0,"comment_status":"open","ping_status":"open","sticky":false,"template":"","format":"standard","meta":{"_et_pb_use_builder":"on","_et_pb_old_content":"","_et_gb_content_width":"2880","footnotes":""},"categories":[1],"tags":[],"class_list":["post-50","post","type-post","status-publish","format-standard","hentry","category-ciencia-abierta"],"_links":{"self":[{"href":"https:\/\/unab.edu.co\/cienciaabierta\/wp-json\/wp\/v2\/posts\/50","targetHints":{"allow":["GET"]}}],"collection":[{"href":"https:\/\/unab.edu.co\/cienciaabierta\/wp-json\/wp\/v2\/posts"}],"about":[{"href":"https:\/\/unab.edu.co\/cienciaabierta\/wp-json\/wp\/v2\/types\/post"}],"author":[{"embeddable":true,"href":"https:\/\/unab.edu.co\/cienciaabierta\/wp-json\/wp\/v2\/users\/2"}],"replies":[{"embeddable":true,"href":"https:\/\/unab.edu.co\/cienciaabierta\/wp-json\/wp\/v2\/comments?post=50"}],"version-history":[{"count":11,"href":"https:\/\/unab.edu.co\/cienciaabierta\/wp-json\/wp\/v2\/posts\/50\/revisions"}],"predecessor-version":[{"id":376,"href":"https:\/\/unab.edu.co\/cienciaabierta\/wp-json\/wp\/v2\/posts\/50\/revisions\/376"}],"wp:attachment":[{"href":"https:\/\/unab.edu.co\/cienciaabierta\/wp-json\/wp\/v2\/media?parent=50"}],"wp:term":[{"taxonomy":"category","embeddable":true,"href":"https:\/\/unab.edu.co\/cienciaabierta\/wp-json\/wp\/v2\/categories?post=50"},{"taxonomy":"post_tag","embeddable":true,"href":"https:\/\/unab.edu.co\/cienciaabierta\/wp-json\/wp\/v2\/tags?post=50"}],"curies":[{"name":"wp","href":"https:\/\/api.w.org\/{rel}","templated":true}]}}