{"id":2502,"date":"2023-03-14T11:15:55","date_gmt":"2023-03-14T16:15:55","guid":{"rendered":"https:\/\/unab.edu.co\/i2r\/?p=2502"},"modified":"2023-05-08T16:22:01","modified_gmt":"2023-05-08T21:22:01","slug":"agenda-del-evento-2023","status":"publish","type":"post","link":"https:\/\/unab.edu.co\/i2r\/agenda-del-evento-2023\/","title":{"rendered":"Agenda 2023"},"content":{"rendered":"\n<p>A continuaci\u00f3n se presenta la agenda de las conferencias a cargo de los invitados locales, nacionales e internaciones que <strong>se llevar\u00e1 a cabo el 19 y 20 de abril en el Auditorio Mayor Carlos G\u00f3mez Albarrac\u00edn<\/strong>; este espacio est\u00e1 dirigido a toda la comunidad educativa e invitados externos.<\/p>\n\n\n\n<p><\/p>\n\n\n\n<p><em>Recordamos la inscripci\u00f3n al evento en este <a href=\"https:\/\/docs.google.com\/forms\/d\/e\/1FAIpQLSd3e_RGINiTf9yLMD-FbMzc9qjV9zhPHzwkdfVgoWpfJI3EBw\/viewform\" target=\"_blank\" rel=\"noreferrer noopener\">enlace<\/a><\/em><\/p>\n\n\n\n<p><\/p>\n\n\n\n<figure class=\"wp-block-table is-style-regular\"><table><tbody><tr><td><\/td><td><strong>D\u00eda 1<\/strong><br><strong>Mi\u00e9rcoles, 19 de abril<br><\/strong><\/td><td><\/td><td><strong>D\u00eda 2 <\/strong><br><strong>Jueves, 20 de abril<br><\/strong><\/td><\/tr><tr><td><strong>8:00 &#8211; 9:00 am<\/strong>         <\/td><td>Registro y bienvenida de asistentes<br><\/td><td><strong>8:00 &#8211; 8:15 am<\/strong><\/td><td>Registro de asistentes<\/td><\/tr><tr><td><\/td><td><\/td><td><strong>8:15 &#8211; 9:00 am<\/strong><\/td><td><strong> <\/strong><em>Pol\u00edticas orientadas por misiones <\/em><br><strong>Sergio Cristancho Marulanda<\/strong> &#8211; Exviceministro de Conocimiento, Innovaci\u00f3n y Productividad. <\/td><\/tr><tr><td><strong>9:00 &#8211; 10:00 am<\/strong><\/td><td><em>Acci\u00f3n por el clima y su integraci\u00f3n a la academia: panorama, herramientas y pr\u00e1cticas internacionales.<\/em><br><strong>Evelyne Gross<\/strong> &#8211; COLIFRI France<\/td><td><strong>9:00 &#8211; 10:00 am<\/strong><\/td><td><em>La Cienciometr\u00eda, disciplina que apoya la visibilidad de la Ciencia<\/em>.<br><strong>Carolina Delgado<\/strong> <strong>Hurtado<\/strong> &#8211; Universidad del Cauca<br><\/td><\/tr><tr><td><strong>10:00 &#8211; 11:00 am<\/strong><\/td><td><br>Panel: <em>Los semilleros de investigaci\u00f3n como estrategia pedag\u00f3gica: ayer, hoy y siempre <\/em><br><br>Este panel tambi\u00e9n puede verse en: <a rel=\"noreferrer noopener\" href=\"https:\/\/youtube.com\/live\/RAuaxDXll6s?feature=share\" target=\"_blank\">UNAB TV<\/a> (ingresa aqu\u00ed)<br><\/td><td><strong>10:00 &#8211; 11:00 am<\/strong><\/td><td><em>Paradigmas o realidades en la apropiaci\u00f3n del conocimiento<\/em>.<br><strong>Leilyn Yazmin G\u00f3mez Ordo\u00f1ez<\/strong><br><\/td><\/tr><tr><td><strong>11:00 &#8211; 12:00 m<\/strong><br><br><br><\/td><td><em>Los estudios de doctorado y la transferencia de conocimiento en la Universidad de Alcal\u00e1.&nbsp;<\/em><br><strong> Javier de la Mata<\/strong> &#8211; Vicerrector de Investigaci\u00f3n y Transferencia &#8211; Universidad de Alcal\u00e1.<br><br>Esta conferencia tambi\u00e9n puede verse en: <a href=\"https:\/\/youtube.com\/live\/uXDTmOkEinw?feature=share\">UNAB TV<\/a> (ingresa aqu\u00ed)<\/td><td><strong>11:00 &#8211; 12:00 m<\/strong><\/td><td><em>B\u00fasquedas y prospectiva tecnol\u00f3gica. \u00bfy si la soluci\u00f3n ya existe?&nbsp;<\/em><br><strong>Eddie E. Manotas &#8211;<\/strong> Coordinador de B\u00fasquedas e Inteligencia Competitiva <\/td><\/tr><tr><td><strong>Receso Almuerzo<\/strong><\/td><td><\/td><td><strong>Receso Almuerzo<\/strong><\/td><td><\/td><\/tr><tr><td><strong>2:00 &#8211; 2:15 pm<\/strong><\/td><td>Registro de asistentes<\/td><td><strong>2:00 &#8211; 2:10 pm<\/strong><\/td><td>Registro de asistentes<\/td><\/tr><tr><td><strong>2:15 &#8211; 3:00 pm<\/strong><\/td><td><em>Formas de innovaciones, complementariedades, implicaciones para decisiones estrat\u00e9gicas.<\/em><br><strong>Fabrice Galia<\/strong> &#8211; COLIFRI France<\/td><td><strong>2:15 &#8211; 3:30 pm<\/strong><\/td><td>Panel: <em>Conocimiento para el desarrollo regional con visi\u00f3n global.<\/em><br><strong>Johanna C\u00e1rdenas Acevedo, Juan Carlos Mantilla Garc\u00eda<\/strong>, <strong>Juan Pablo Remolina<\/strong>, <strong>Hans Sebasti\u00e1n Toro Gonz\u00e1lez<\/strong>.<br>Este panel tambi\u00e9n puede verse en: <a href=\"https:\/\/youtube.com\/live\/Zh-ui2kzQvA?feature=share\">UNAB TV<\/a> (ingresa aqu\u00ed)<\/td><\/tr><tr><td><strong>3:00 &#8211; 4:00 pm<\/strong><\/td><td><em>Lanzamiento de nuevas estrategias para el fomento de la investigaci\u00f3n en la UNAB<\/em><br><strong>Franz Hensel Riveros<\/strong> &#8211; Vicerrector Acad\u00e9mico UNAB y <strong>C\u00e9sar Guerrero Santander <\/strong>&#8211; Director de Investigaciones UNAB<\/td><td><strong>3:30 &#8211; 4:30 pm<\/strong><\/td><td>Panel: <em>Mujeres en la Ciencia <\/em><br><strong>Maritza Liliana Calder\u00f3n Benavides,   Juana Canul Reich, Andrea C. Mart\u00ednez Lozada<\/strong>, <strong>Ana Patricia Pab\u00f3n Mantilla<\/strong> <strong>y Carolina Delgado Hurtado.<\/strong><br>Este panel tambi\u00e9n puede verse en: <a href=\"https:\/\/youtube.com\/live\/_g9j9L-RlH8?feature=share\">UNAB TV<\/a> (ingresa aqu\u00ed)<\/td><\/tr><tr><td><strong>4:00 &#8211; 5:00 pm<\/strong><\/td><td><br><em>Agenciamiento internacional de recursos de investigaci\u00f3n<\/em>.<br><strong>Diana Pinz\u00f3n Mej\u00eda<\/strong> &#8211; L\u00edder de proyectos Nacionales e Internacionales.<br><strong>Claudia M. Molina G\u00f3mez<\/strong> &#8211; Directora Oficina de Relaciones Nacionales E Internacionales.<br><\/td><td><strong>4:30 &#8211; 6:00 PM<\/strong><\/td><td><strong>Ceremonia: <\/strong>e<strong>ntrega de premios a la excelencia en investigaci\u00f3n<\/strong><br><br>La ceremonia tambi\u00e9n puede verse en: <a href=\"https:\/\/youtube.com\/live\/TDqtxsqXxw4?feature=share\">UNAB TV<\/a>  (ingresa aqu\u00ed)<\/td><\/tr><tr><td><strong>5:00 &#8211; 6:00 pm<\/strong><\/td><td>Aportes de machine learning en estudio de salud sexual y reproductiva &#8211; <strong>Juana Canul Reich<\/strong>  \/ Presentaci\u00f3n CDT smart region &#8211; <strong>Maritza Liliana Calder\u00f3n Benavides<\/strong><br><\/td><td><strong>6:00 &#8211; 6:30 PM<\/strong> <\/td><td><strong>Evento cultural, coro UNAB<\/strong><\/td><\/tr><tr><td><\/td><td><br><\/td><td><\/td><td><\/td><\/tr><\/tbody><\/table><\/figure>\n\n\n","protected":false},"excerpt":{"rendered":"<p>A continuaci\u00f3n se presenta la agenda de las conferencias a cargo de los invitados locales, nacionales e internaciones que se llevar\u00e1 a cabo el 19 y 20 de abril en el Auditorio Mayor Carlos G\u00f3mez Albarrac\u00edn; este espacio est\u00e1 dirigido a toda la comunidad educativa e invitados externos. Recordamos la inscripci\u00f3n al evento en este [&hellip;]<\/p>\n","protected":false},"author":9,"featured_media":0,"comment_status":"open","ping_status":"open","sticky":false,"template":"","format":"standard","meta":{"_et_pb_use_builder":"","_et_pb_old_content":"","_et_gb_content_width":"","pgc_sgb_lightbox_settings":"","footnotes":""},"categories":[30],"tags":[],"class_list":["post-2502","post","type-post","status-publish","format-standard","hentry","category-agenda-2023"],"_links":{"self":[{"href":"https:\/\/unab.edu.co\/i2r\/wp-json\/wp\/v2\/posts\/2502","targetHints":{"allow":["GET"]}}],"collection":[{"href":"https:\/\/unab.edu.co\/i2r\/wp-json\/wp\/v2\/posts"}],"about":[{"href":"https:\/\/unab.edu.co\/i2r\/wp-json\/wp\/v2\/types\/post"}],"author":[{"embeddable":true,"href":"https:\/\/unab.edu.co\/i2r\/wp-json\/wp\/v2\/users\/9"}],"replies":[{"embeddable":true,"href":"https:\/\/unab.edu.co\/i2r\/wp-json\/wp\/v2\/comments?post=2502"}],"version-history":[{"count":76,"href":"https:\/\/unab.edu.co\/i2r\/wp-json\/wp\/v2\/posts\/2502\/revisions"}],"predecessor-version":[{"id":3062,"href":"https:\/\/unab.edu.co\/i2r\/wp-json\/wp\/v2\/posts\/2502\/revisions\/3062"}],"wp:attachment":[{"href":"https:\/\/unab.edu.co\/i2r\/wp-json\/wp\/v2\/media?parent=2502"}],"wp:term":[{"taxonomy":"category","embeddable":true,"href":"https:\/\/unab.edu.co\/i2r\/wp-json\/wp\/v2\/categories?post=2502"},{"taxonomy":"post_tag","embeddable":true,"href":"https:\/\/unab.edu.co\/i2r\/wp-json\/wp\/v2\/tags?post=2502"}],"curies":[{"name":"wp","href":"https:\/\/api.w.org\/{rel}","templated":true}]}}