{"id":2702,"date":"2023-04-11T18:10:32","date_gmt":"2023-04-11T23:10:32","guid":{"rendered":"https:\/\/unab.edu.co\/i2r\/?p=2702"},"modified":"2023-04-17T08:12:56","modified_gmt":"2023-04-17T13:12:56","slug":"evelyne-gross","status":"publish","type":"post","link":"https:\/\/unab.edu.co\/i2r\/evelyne-gross\/","title":{"rendered":"Evelyne Gross"},"content":{"rendered":"\n<figure class=\"wp-block-image aligncenter size-full\"><img decoding=\"async\" width=\"960\" height=\"720\" data-src=\"https:\/\/unab.edu.co\/i2r\/wp-content\/uploads\/2023\/04\/evelyne-1.jpg\" alt=\"\" class=\"wp-image-2845 lazyload\" data-srcset=\"https:\/\/unab.edu.co\/i2r\/wp-content\/uploads\/2023\/04\/evelyne-1.jpg 960w, https:\/\/unab.edu.co\/i2r\/wp-content\/uploads\/2023\/04\/evelyne-1-480x360.jpg 480w\" data-sizes=\"(min-width: 0px) and (max-width: 480px) 480px, (min-width: 481px) 960px, 100vw\" src=\"data:image\/svg+xml;base64,PHN2ZyB3aWR0aD0iMSIgaGVpZ2h0PSIxIiB4bWxucz0iaHR0cDovL3d3dy53My5vcmcvMjAwMC9zdmciPjwvc3ZnPg==\" style=\"--smush-placeholder-width: 960px; --smush-placeholder-aspect-ratio: 960\/720;\" \/><\/figure>\n\n\n\n<p>Experta en Acreditaciones Internacionales, Rankings y Sostenibilidad con un historial demostrado de trabajo en la industria de la educaci\u00f3n superior. Experto en Gesti\u00f3n de Calidad, Acreditaciones Internacionales y Desarrollo Sostenible.<\/p>\n\n\n\n<p>La ponencia tendr\u00e1 el prop\u00f3sito de inspirar a los profesores e investigadores a pasar a la acci\u00f3n para incorporar los retos de clima y transici\u00f3n energ\u00e9tica en sus clases e investigaci\u00f3n para contribuir, desde la academia y las instituciones de ense\u00f1anza superior, a la transici\u00f3n energ\u00e9tica.&nbsp;<\/p>\n","protected":false},"excerpt":{"rendered":"<p>Experta en Acreditaciones Internacionales, Rankings y Sostenibilidad con un historial demostrado de trabajo en la industria de la educaci\u00f3n superior. Experto en Gesti\u00f3n de Calidad, Acreditaciones Internacionales y Desarrollo Sostenible. La ponencia tendr\u00e1 el prop\u00f3sito de inspirar a los profesores e investigadores a pasar a la acci\u00f3n para incorporar los retos de clima y transici\u00f3n [&hellip;]<\/p>\n","protected":false},"author":9,"featured_media":0,"comment_status":"open","ping_status":"open","sticky":false,"template":"","format":"standard","meta":{"_et_pb_use_builder":"","_et_pb_old_content":"","_et_gb_content_width":"","pgc_sgb_lightbox_settings":"","footnotes":""},"categories":[27],"tags":[],"class_list":["post-2702","post","type-post","status-publish","format-standard","hentry","category-invitados-2023"],"_links":{"self":[{"href":"https:\/\/unab.edu.co\/i2r\/wp-json\/wp\/v2\/posts\/2702","targetHints":{"allow":["GET"]}}],"collection":[{"href":"https:\/\/unab.edu.co\/i2r\/wp-json\/wp\/v2\/posts"}],"about":[{"href":"https:\/\/unab.edu.co\/i2r\/wp-json\/wp\/v2\/types\/post"}],"author":[{"embeddable":true,"href":"https:\/\/unab.edu.co\/i2r\/wp-json\/wp\/v2\/users\/9"}],"replies":[{"embeddable":true,"href":"https:\/\/unab.edu.co\/i2r\/wp-json\/wp\/v2\/comments?post=2702"}],"version-history":[{"count":6,"href":"https:\/\/unab.edu.co\/i2r\/wp-json\/wp\/v2\/posts\/2702\/revisions"}],"predecessor-version":[{"id":2972,"href":"https:\/\/unab.edu.co\/i2r\/wp-json\/wp\/v2\/posts\/2702\/revisions\/2972"}],"wp:attachment":[{"href":"https:\/\/unab.edu.co\/i2r\/wp-json\/wp\/v2\/media?parent=2702"}],"wp:term":[{"taxonomy":"category","embeddable":true,"href":"https:\/\/unab.edu.co\/i2r\/wp-json\/wp\/v2\/categories?post=2702"},{"taxonomy":"post_tag","embeddable":true,"href":"https:\/\/unab.edu.co\/i2r\/wp-json\/wp\/v2\/tags?post=2702"}],"curies":[{"name":"wp","href":"https:\/\/api.w.org\/{rel}","templated":true}]}}