{"id":2752,"date":"2023-03-29T14:21:03","date_gmt":"2023-03-29T19:21:03","guid":{"rendered":"https:\/\/unab.edu.co\/i2r\/?p=2752"},"modified":"2023-03-29T14:21:04","modified_gmt":"2023-03-29T19:21:04","slug":"johanna-cardenas-acevedo","status":"publish","type":"post","link":"https:\/\/unab.edu.co\/i2r\/johanna-cardenas-acevedo\/","title":{"rendered":"Johanna C\u00e1rdenas Acevedo"},"content":{"rendered":"\n<figure class=\"wp-block-image size-full\"><img decoding=\"async\" width=\"800\" height=\"800\" data-src=\"https:\/\/unab.edu.co\/i2r\/wp-content\/uploads\/2023\/03\/johanna-Cardenas.jpg\" alt=\"\" class=\"wp-image-2753 lazyload\" data-srcset=\"https:\/\/unab.edu.co\/i2r\/wp-content\/uploads\/2023\/03\/johanna-Cardenas.jpg 800w, https:\/\/unab.edu.co\/i2r\/wp-content\/uploads\/2023\/03\/johanna-Cardenas-480x480.jpg 480w\" data-sizes=\"(min-width: 0px) and (max-width: 480px) 480px, (min-width: 481px) 800px, 100vw\" src=\"data:image\/svg+xml;base64,PHN2ZyB3aWR0aD0iMSIgaGVpZ2h0PSIxIiB4bWxucz0iaHR0cDovL3d3dy53My5vcmcvMjAwMC9zdmciPjwvc3ZnPg==\" style=\"--smush-placeholder-width: 800px; --smush-placeholder-aspect-ratio: 800\/800;\" \/><\/figure>\n\n\n\n<p>Directora Bucaramanga Metropolitana C\u00f3mo Vamos en Prosantander<\/p>\n\n\n\n<p>Economista y Mag\u00edster en Gerencia para el Desarrollo de la Universidad Externado de Colombia. Con experiencia en gobierno, formulaci\u00f3n de pol\u00edtica p\u00fablica y coordinaci\u00f3n de proyectos. En los \u00faltimos cinco a\u00f1os se desempe\u00f1\u00f3 en el Distrito Capital &#8211; Secretar\u00eda de Desarrollo Econ\u00f3mico, liderando el equipo de Pol\u00edticas P\u00fablicas y Regal\u00edas. Particip\u00f3 en el proceso de actualizaci\u00f3n de la Pol\u00edtica de Productividad y Competitividad del Distrito y en la formulaci\u00f3n de la Pol\u00edtica P\u00fablica de Ciencia, Tecnolog\u00eda e Innovaci\u00f3n. Actualmente se desempe\u00f1a como coordinadora de la Red de Productividad y Competitividad para Bogot\u00e1-Regi\u00f3n.<\/p>\n","protected":false},"excerpt":{"rendered":"<p>Directora Bucaramanga Metropolitana C\u00f3mo Vamos en Prosantander Economista y Mag\u00edster en Gerencia para el Desarrollo de la Universidad Externado de Colombia. Con experiencia en gobierno, formulaci\u00f3n de pol\u00edtica p\u00fablica y coordinaci\u00f3n de proyectos. En los \u00faltimos cinco a\u00f1os se desempe\u00f1\u00f3 en el Distrito Capital &#8211; Secretar\u00eda de Desarrollo Econ\u00f3mico, liderando el equipo de Pol\u00edticas P\u00fablicas [&hellip;]<\/p>\n","protected":false},"author":9,"featured_media":0,"comment_status":"open","ping_status":"open","sticky":false,"template":"","format":"standard","meta":{"_et_pb_use_builder":"","_et_pb_old_content":"","_et_gb_content_width":"","pgc_sgb_lightbox_settings":"","footnotes":""},"categories":[27],"tags":[],"class_list":["post-2752","post","type-post","status-publish","format-standard","hentry","category-invitados-2023"],"_links":{"self":[{"href":"https:\/\/unab.edu.co\/i2r\/wp-json\/wp\/v2\/posts\/2752","targetHints":{"allow":["GET"]}}],"collection":[{"href":"https:\/\/unab.edu.co\/i2r\/wp-json\/wp\/v2\/posts"}],"about":[{"href":"https:\/\/unab.edu.co\/i2r\/wp-json\/wp\/v2\/types\/post"}],"author":[{"embeddable":true,"href":"https:\/\/unab.edu.co\/i2r\/wp-json\/wp\/v2\/users\/9"}],"replies":[{"embeddable":true,"href":"https:\/\/unab.edu.co\/i2r\/wp-json\/wp\/v2\/comments?post=2752"}],"version-history":[{"count":1,"href":"https:\/\/unab.edu.co\/i2r\/wp-json\/wp\/v2\/posts\/2752\/revisions"}],"predecessor-version":[{"id":2754,"href":"https:\/\/unab.edu.co\/i2r\/wp-json\/wp\/v2\/posts\/2752\/revisions\/2754"}],"wp:attachment":[{"href":"https:\/\/unab.edu.co\/i2r\/wp-json\/wp\/v2\/media?parent=2752"}],"wp:term":[{"taxonomy":"category","embeddable":true,"href":"https:\/\/unab.edu.co\/i2r\/wp-json\/wp\/v2\/categories?post=2752"},{"taxonomy":"post_tag","embeddable":true,"href":"https:\/\/unab.edu.co\/i2r\/wp-json\/wp\/v2\/tags?post=2752"}],"curies":[{"name":"wp","href":"https:\/\/api.w.org\/{rel}","templated":true}]}}