{"id":2799,"date":"2023-03-31T16:00:34","date_gmt":"2023-03-31T21:00:34","guid":{"rendered":"https:\/\/unab.edu.co\/i2r\/?p=2799"},"modified":"2023-03-31T16:05:04","modified_gmt":"2023-03-31T21:05:04","slug":"juan-pablo-remolina","status":"publish","type":"post","link":"https:\/\/unab.edu.co\/i2r\/juan-pablo-remolina\/","title":{"rendered":"Juan Pablo Remolina\u00a0"},"content":{"rendered":"\n<figure class=\"wp-block-image aligncenter size-full\"><img decoding=\"async\" width=\"960\" height=\"720\" data-src=\"https:\/\/unab.edu.co\/i2r\/wp-content\/uploads\/2023\/03\/Juan-Remolina.jpg\" alt=\"\" class=\"wp-image-2804 lazyload\" data-srcset=\"https:\/\/unab.edu.co\/i2r\/wp-content\/uploads\/2023\/03\/Juan-Remolina.jpg 960w, https:\/\/unab.edu.co\/i2r\/wp-content\/uploads\/2023\/03\/Juan-Remolina-480x360.jpg 480w\" data-sizes=\"(min-width: 0px) and (max-width: 480px) 480px, (min-width: 481px) 960px, 100vw\" src=\"data:image\/svg+xml;base64,PHN2ZyB3aWR0aD0iMSIgaGVpZ2h0PSIxIiB4bWxucz0iaHR0cDovL3d3dy53My5vcmcvMjAwMC9zdmciPjwvc3ZnPg==\" style=\"--smush-placeholder-width: 960px; --smush-placeholder-aspect-ratio: 960\/720;\" \/><\/figure>\n\n\n\n<p>Se ha desempe\u00f1ado como Director de Desarrollo Organizacional del Departamento Administrativo de la Funci\u00f3n P\u00fablica; Director (e) de Descentralizaci\u00f3n y Desarrollo Regional, Subdirector de Fortalecimiento Institucional Territorial y Subdirector de Monitoreo, Seguimiento y Evaluaci\u00f3n de Regal\u00edas del Departamento Nacional de Planeaci\u00f3n; asesor del despacho de la Procuradur\u00eda General de la Naci\u00f3n (PGN) con funciones en el Grupo de Transparencia y del Derecho de Acceso a la Informaci\u00f3n P\u00fablica y en la Delegada para la Descentralizaci\u00f3n y las Entidades Territoriales; consultor del Ministerio de Hacienda y Cr\u00e9dito P\u00fablico; y con funciones de analista en el Royal Bank of Scotland (RBS) en Par\u00eds.<\/p>\n","protected":false},"excerpt":{"rendered":"<p>Se ha desempe\u00f1ado como Director de Desarrollo Organizacional del Departamento Administrativo de la Funci\u00f3n P\u00fablica; Director (e) de Descentralizaci\u00f3n y Desarrollo Regional, Subdirector de Fortalecimiento Institucional Territorial y Subdirector de Monitoreo, Seguimiento y Evaluaci\u00f3n de Regal\u00edas del Departamento Nacional de Planeaci\u00f3n; asesor del despacho de la Procuradur\u00eda General de la Naci\u00f3n (PGN) con funciones en [&hellip;]<\/p>\n","protected":false},"author":9,"featured_media":0,"comment_status":"open","ping_status":"open","sticky":false,"template":"","format":"standard","meta":{"_et_pb_use_builder":"","_et_pb_old_content":"","_et_gb_content_width":"","pgc_sgb_lightbox_settings":"","footnotes":""},"categories":[27],"tags":[],"class_list":["post-2799","post","type-post","status-publish","format-standard","hentry","category-invitados-2023"],"_links":{"self":[{"href":"https:\/\/unab.edu.co\/i2r\/wp-json\/wp\/v2\/posts\/2799","targetHints":{"allow":["GET"]}}],"collection":[{"href":"https:\/\/unab.edu.co\/i2r\/wp-json\/wp\/v2\/posts"}],"about":[{"href":"https:\/\/unab.edu.co\/i2r\/wp-json\/wp\/v2\/types\/post"}],"author":[{"embeddable":true,"href":"https:\/\/unab.edu.co\/i2r\/wp-json\/wp\/v2\/users\/9"}],"replies":[{"embeddable":true,"href":"https:\/\/unab.edu.co\/i2r\/wp-json\/wp\/v2\/comments?post=2799"}],"version-history":[{"count":2,"href":"https:\/\/unab.edu.co\/i2r\/wp-json\/wp\/v2\/posts\/2799\/revisions"}],"predecessor-version":[{"id":2805,"href":"https:\/\/unab.edu.co\/i2r\/wp-json\/wp\/v2\/posts\/2799\/revisions\/2805"}],"wp:attachment":[{"href":"https:\/\/unab.edu.co\/i2r\/wp-json\/wp\/v2\/media?parent=2799"}],"wp:term":[{"taxonomy":"category","embeddable":true,"href":"https:\/\/unab.edu.co\/i2r\/wp-json\/wp\/v2\/categories?post=2799"},{"taxonomy":"post_tag","embeddable":true,"href":"https:\/\/unab.edu.co\/i2r\/wp-json\/wp\/v2\/tags?post=2799"}],"curies":[{"name":"wp","href":"https:\/\/api.w.org\/{rel}","templated":true}]}}