{"id":2830,"date":"2023-02-09T22:50:00","date_gmt":"2023-02-10T03:50:00","guid":{"rendered":"https:\/\/unab.edu.co\/i2r\/?p=2830"},"modified":"2023-04-17T12:00:45","modified_gmt":"2023-04-17T17:00:45","slug":"cristian-david-gutierrez-rojas","status":"publish","type":"post","link":"https:\/\/unab.edu.co\/i2r\/cristian-david-gutierrez-rojas\/","title":{"rendered":"Cristian David Gutierrez Rojas"},"content":{"rendered":"\n<p><\/p>\n\n\n\n<figure class=\"wp-block-image aligncenter size-large\"><img decoding=\"async\" width=\"1024\" height=\"684\" data-src=\"https:\/\/unab.edu.co\/i2r\/wp-content\/uploads\/2023\/04\/AV10893-1024x684.jpg\" alt=\"\" class=\"wp-image-2831 lazyload\" data-srcset=\"https:\/\/unab.edu.co\/i2r\/wp-content\/uploads\/2023\/04\/AV10893-980x654.jpg 980w, https:\/\/unab.edu.co\/i2r\/wp-content\/uploads\/2023\/04\/AV10893-480x320.jpg 480w\" data-sizes=\"(min-width: 0px) and (max-width: 480px) 480px, (min-width: 481px) and (max-width: 980px) 980px, (min-width: 981px) 1024px, 100vw\" src=\"data:image\/svg+xml;base64,PHN2ZyB3aWR0aD0iMSIgaGVpZ2h0PSIxIiB4bWxucz0iaHR0cDovL3d3dy53My5vcmcvMjAwMC9zdmciPjwvc3ZnPg==\" style=\"--smush-placeholder-width: 1024px; --smush-placeholder-aspect-ratio: 1024\/684;\" \/><\/figure>\n\n\n\n<p>Administrador de empresas y Profesional en Negocios Internacionales, con&nbsp;reconocimiento CUM LAUDE en ambos programas, Especialista en Gesti\u00f3n&nbsp;Estrat\u00e9gica de Mercadeo, y \u00e9nfasis en comercio electr\u00f3nico y Marketing Digital.&nbsp;Magister en Administraci\u00f3n de Empresas de la UNIVERSIDAD AUT\u00d3NOMA DE&nbsp;BUCARAMANGA con tesis laureada. Fue J\u00f3ven Investigador de colciencias y beneficiario de la beca de maestr\u00eda para formaci\u00f3n de alto nivel en Santander. Docente de comercio electr\u00f3nico de la&nbsp;UNIVERSIDAD SANTO TOMAS. Ha sido Coordinador de Emprendimiento y Asesor<br>de nuevos negocios del Centro de Creatividad, Innovaci\u00f3n y Emprendimiento&nbsp;UNAB CREATIVE. Consultor en gesti\u00f3n de Marketing Digital, Comercio Electr\u00f3nico&nbsp;y Creatividad. Gerente General de LC GRUPO EMPRESARIAL SAS<\/p>\n","protected":false},"excerpt":{"rendered":"<p>Administrador de empresas y Profesional en Negocios Internacionales, con&nbsp;reconocimiento CUM LAUDE en ambos programas, Especialista en Gesti\u00f3n&nbsp;Estrat\u00e9gica de Mercadeo, y \u00e9nfasis en comercio electr\u00f3nico y Marketing Digital.&nbsp;Magister en Administraci\u00f3n de Empresas de la UNIVERSIDAD AUT\u00d3NOMA DE&nbsp;BUCARAMANGA con tesis laureada. Fue J\u00f3ven Investigador de colciencias y beneficiario de la beca de maestr\u00eda para formaci\u00f3n de alto [&hellip;]<\/p>\n","protected":false},"author":9,"featured_media":0,"comment_status":"open","ping_status":"open","sticky":false,"template":"","format":"standard","meta":{"_et_pb_use_builder":"","_et_pb_old_content":"","_et_gb_content_width":"","pgc_sgb_lightbox_settings":"","footnotes":""},"categories":[27],"tags":[],"class_list":["post-2830","post","type-post","status-publish","format-standard","hentry","category-invitados-2023"],"_links":{"self":[{"href":"https:\/\/unab.edu.co\/i2r\/wp-json\/wp\/v2\/posts\/2830","targetHints":{"allow":["GET"]}}],"collection":[{"href":"https:\/\/unab.edu.co\/i2r\/wp-json\/wp\/v2\/posts"}],"about":[{"href":"https:\/\/unab.edu.co\/i2r\/wp-json\/wp\/v2\/types\/post"}],"author":[{"embeddable":true,"href":"https:\/\/unab.edu.co\/i2r\/wp-json\/wp\/v2\/users\/9"}],"replies":[{"embeddable":true,"href":"https:\/\/unab.edu.co\/i2r\/wp-json\/wp\/v2\/comments?post=2830"}],"version-history":[{"count":3,"href":"https:\/\/unab.edu.co\/i2r\/wp-json\/wp\/v2\/posts\/2830\/revisions"}],"predecessor-version":[{"id":2983,"href":"https:\/\/unab.edu.co\/i2r\/wp-json\/wp\/v2\/posts\/2830\/revisions\/2983"}],"wp:attachment":[{"href":"https:\/\/unab.edu.co\/i2r\/wp-json\/wp\/v2\/media?parent=2830"}],"wp:term":[{"taxonomy":"category","embeddable":true,"href":"https:\/\/unab.edu.co\/i2r\/wp-json\/wp\/v2\/categories?post=2830"},{"taxonomy":"post_tag","embeddable":true,"href":"https:\/\/unab.edu.co\/i2r\/wp-json\/wp\/v2\/tags?post=2830"}],"curies":[{"name":"wp","href":"https:\/\/api.w.org\/{rel}","templated":true}]}}