{"id":2834,"date":"2023-01-09T22:53:10","date_gmt":"2023-01-10T03:53:10","guid":{"rendered":"https:\/\/unab.edu.co\/i2r\/?p=2834"},"modified":"2023-04-12T11:51:33","modified_gmt":"2023-04-12T16:51:33","slug":"pedro-emerson-casanova-navarro","status":"publish","type":"post","link":"https:\/\/unab.edu.co\/i2r\/pedro-emerson-casanova-navarro\/","title":{"rendered":"Pedro Emerson Casanova Navarro"},"content":{"rendered":"\n<figure class=\"wp-block-image aligncenter size-full\"><img decoding=\"async\" width=\"960\" height=\"720\" data-src=\"https:\/\/unab.edu.co\/i2r\/wp-content\/uploads\/2023\/04\/pedro-casanova-2.jpg\" alt=\"\" class=\"wp-image-2903 lazyload\" data-srcset=\"https:\/\/unab.edu.co\/i2r\/wp-content\/uploads\/2023\/04\/pedro-casanova-2.jpg 960w, https:\/\/unab.edu.co\/i2r\/wp-content\/uploads\/2023\/04\/pedro-casanova-2-480x360.jpg 480w\" data-sizes=\"(min-width: 0px) and (max-width: 480px) 480px, (min-width: 481px) 960px, 100vw\" src=\"data:image\/svg+xml;base64,PHN2ZyB3aWR0aD0iMSIgaGVpZ2h0PSIxIiB4bWxucz0iaHR0cDovL3d3dy53My5vcmcvMjAwMC9zdmciPjwvc3ZnPg==\" style=\"--smush-placeholder-width: 960px; --smush-placeholder-aspect-ratio: 960\/720;\" \/><\/figure>\n\n\n\n<p>Dise\u00f1ador industrial de la Universidad Industrial de Santander y estudiando especializaci\u00f3n en Gesti\u00f3n de proyecto de la UNAD, docente del Instituto desde el a\u00f1o 2014. Tiene a su cargo la coordinaci\u00f3n de \u00e1rea de investigaci\u00f3n y es docente asesor del Semillero de Investigaci\u00f3n SIDEM \u2013 CALDAS en rob\u00f3tica y programaci\u00f3n articulado con el semillero SIDEM &#8211; UNAB.&nbsp;Apasionado por promover la investigaci\u00f3n en los estudiantes, junto con ellos ha participados en eventos de ONDAS de Colciencias y la Red Colombiana de Semilleros de Investigaci\u00f3n (RedColsi), logrando cupos para participar en eventos a nivel nacional. &nbsp;<\/p>\n","protected":false},"excerpt":{"rendered":"<p>Dise\u00f1ador industrial de la Universidad Industrial de Santander y estudiando especializaci\u00f3n en Gesti\u00f3n de proyecto de la UNAD, docente del Instituto desde el a\u00f1o 2014. Tiene a su cargo la coordinaci\u00f3n de \u00e1rea de investigaci\u00f3n y es docente asesor del Semillero de Investigaci\u00f3n SIDEM \u2013 CALDAS en rob\u00f3tica y programaci\u00f3n articulado con el semillero SIDEM [&hellip;]<\/p>\n","protected":false},"author":9,"featured_media":0,"comment_status":"open","ping_status":"open","sticky":false,"template":"","format":"standard","meta":{"_et_pb_use_builder":"","_et_pb_old_content":"","_et_gb_content_width":"","pgc_sgb_lightbox_settings":"","footnotes":""},"categories":[27],"tags":[],"class_list":["post-2834","post","type-post","status-publish","format-standard","hentry","category-invitados-2023"],"_links":{"self":[{"href":"https:\/\/unab.edu.co\/i2r\/wp-json\/wp\/v2\/posts\/2834","targetHints":{"allow":["GET"]}}],"collection":[{"href":"https:\/\/unab.edu.co\/i2r\/wp-json\/wp\/v2\/posts"}],"about":[{"href":"https:\/\/unab.edu.co\/i2r\/wp-json\/wp\/v2\/types\/post"}],"author":[{"embeddable":true,"href":"https:\/\/unab.edu.co\/i2r\/wp-json\/wp\/v2\/users\/9"}],"replies":[{"embeddable":true,"href":"https:\/\/unab.edu.co\/i2r\/wp-json\/wp\/v2\/comments?post=2834"}],"version-history":[{"count":4,"href":"https:\/\/unab.edu.co\/i2r\/wp-json\/wp\/v2\/posts\/2834\/revisions"}],"predecessor-version":[{"id":2904,"href":"https:\/\/unab.edu.co\/i2r\/wp-json\/wp\/v2\/posts\/2834\/revisions\/2904"}],"wp:attachment":[{"href":"https:\/\/unab.edu.co\/i2r\/wp-json\/wp\/v2\/media?parent=2834"}],"wp:term":[{"taxonomy":"category","embeddable":true,"href":"https:\/\/unab.edu.co\/i2r\/wp-json\/wp\/v2\/categories?post=2834"},{"taxonomy":"post_tag","embeddable":true,"href":"https:\/\/unab.edu.co\/i2r\/wp-json\/wp\/v2\/tags?post=2834"}],"curies":[{"name":"wp","href":"https:\/\/api.w.org\/{rel}","templated":true}]}}