{"id":2962,"date":"2023-01-17T07:48:51","date_gmt":"2023-01-17T12:48:51","guid":{"rendered":"https:\/\/unab.edu.co\/i2r\/?p=2962"},"modified":"2023-04-17T11:21:46","modified_gmt":"2023-04-17T16:21:46","slug":"hans-sebastian-toro-gonzalez","status":"publish","type":"post","link":"https:\/\/unab.edu.co\/i2r\/hans-sebastian-toro-gonzalez\/","title":{"rendered":"Hans Sebasti\u00e1n Toro Gonz\u00e1lez"},"content":{"rendered":"\n<figure class=\"wp-block-image aligncenter size-full\"><img decoding=\"async\" width=\"960\" height=\"720\" data-src=\"https:\/\/unab.edu.co\/i2r\/wp-content\/uploads\/2023\/04\/PERFIL-Y-FOTO-HANS-TORO-FINAL.jpg\" alt=\"\" class=\"wp-image-2963 lazyload\" data-srcset=\"https:\/\/unab.edu.co\/i2r\/wp-content\/uploads\/2023\/04\/PERFIL-Y-FOTO-HANS-TORO-FINAL.jpg 960w, https:\/\/unab.edu.co\/i2r\/wp-content\/uploads\/2023\/04\/PERFIL-Y-FOTO-HANS-TORO-FINAL-480x360.jpg 480w\" data-sizes=\"(min-width: 0px) and (max-width: 480px) 480px, (min-width: 481px) 960px, 100vw\" src=\"data:image\/svg+xml;base64,PHN2ZyB3aWR0aD0iMSIgaGVpZ2h0PSIxIiB4bWxucz0iaHR0cDovL3d3dy53My5vcmcvMjAwMC9zdmciPjwvc3ZnPg==\" style=\"--smush-placeholder-width: 960px; --smush-placeholder-aspect-ratio: 960\/720;\" \/><\/figure>\n\n\n\n<p>Ingeniero financiero de la Universidad Aut\u00f3noma de Bucaramanga, Especialista en Negocios Internacionales de la Universidad Externado de Colombia, con un MBA de la Universidad Metropolitana de Cardiff. Fue gerente senior en Bancolombia por m\u00e1s de 10 a\u00f1os, as\u00ed como tambi\u00e9n director de Desarrollo de Negocios en Redcol Holding. Actualmente se desempe\u00f1a como Vicepresidente de Capital Humano Empresarial en la C\u00e1mara de Comercio de Bucaramanga.\u00a0 \u00a0<\/p>\n\n\n\n<p>Se desempe\u00f1o entre 2017-2021 como Director de Desarrollo de Nuevos Negocios y Alianzas Estrat\u00e9gicas de Redcol Holding SAS donde trabajo en la creaci\u00f3n de nuevas unidades de negocio\/productos en seguros, experiencias internacionales, transporte y comercio electr\u00f3nico para la industria de la educaci\u00f3n privada.<\/p>\n\n\n\n<p>Durante 15 a\u00f1os (2001-2017) trabajo en Grupo Bancolombia como ejecutivo de banca personal, asistente administrativo banca de gobierno e instituciones financieras, gerente junior de banca empresarial y gerente senior de banca corporativa.&nbsp; Durante este tiempo lider\u00f3 operaciones estructuradas de financiaci\u00f3n tales como cr\u00e9ditos sindicados, cr\u00e9ditos mezzanine, reperfilamientos, project finance, LBO (compras apalancadas), cr\u00e9ditos participados, club deal, modelos de estructura \u00f3ptima de capital y cobertura cambiaria para clientes en Bogot\u00e1 y Bucaramanga tales como Casa Editorial El Tiempo, RCN Televisi\u00f3n, Caracol Televisi\u00f3n, TV Cable, Bio D, Palmar del Oriente, Incubadora Santander, CI Sigra, Agropecuaria Aliar, Distribuidora Av\u00edcola (Distraves), CI Acepalma, Procenter-Procensa, Cablecentro, CI Duquesa, Alianza Team, Grasco, entre otros.<\/p>\n\n\n\n<p>En sus inicios trabajo con Cr\u00e9dito Inmobiliario, Departamento Administrativo Nacional de Estad\u00edstica \u2013 DANE y el Banco Popular en cargos de an\u00e1lisis de cr\u00e9dito y tasa de desempleo para encuestas urbanas y rurales.<\/p>\n\n\n\n<p>Ha sido miembro y asesor de juntas directivas locales tales como Cl\u00ednica El Pinar, Grupo Inveragro, Grupo Solinsa y Redcol Partners entre otros. Ha sido tambi\u00e9n asesor de compa\u00f1\u00edas locales en temas financieros y de cr\u00e9dito (MPI CI Ltda), gesti\u00f3n de nuevos modelos de negocio y estrategia financiera-comercial (Ensue\u00f1o Hogar, Manoa Mobiliario).&nbsp; Ha sido conferencista, docente y mentor de la UNAB, el FGS y la C\u00e1mara de Comercio de Bucaramanga en temas financieros y de alta direcci\u00f3n.<\/p>\n","protected":false},"excerpt":{"rendered":"<p>Ingeniero financiero de la Universidad Aut\u00f3noma de Bucaramanga, Especialista en Negocios Internacionales de la Universidad Externado de Colombia, con un MBA de la Universidad Metropolitana de Cardiff. Fue gerente senior en Bancolombia por m\u00e1s de 10 a\u00f1os, as\u00ed como tambi\u00e9n director de Desarrollo de Negocios en Redcol Holding. Actualmente se desempe\u00f1a como Vicepresidente de Capital [&hellip;]<\/p>\n","protected":false},"author":9,"featured_media":0,"comment_status":"open","ping_status":"open","sticky":false,"template":"","format":"standard","meta":{"_et_pb_use_builder":"","_et_pb_old_content":"","_et_gb_content_width":"","pgc_sgb_lightbox_settings":"","footnotes":""},"categories":[27],"tags":[],"class_list":["post-2962","post","type-post","status-publish","format-standard","hentry","category-invitados-2023"],"_links":{"self":[{"href":"https:\/\/unab.edu.co\/i2r\/wp-json\/wp\/v2\/posts\/2962","targetHints":{"allow":["GET"]}}],"collection":[{"href":"https:\/\/unab.edu.co\/i2r\/wp-json\/wp\/v2\/posts"}],"about":[{"href":"https:\/\/unab.edu.co\/i2r\/wp-json\/wp\/v2\/types\/post"}],"author":[{"embeddable":true,"href":"https:\/\/unab.edu.co\/i2r\/wp-json\/wp\/v2\/users\/9"}],"replies":[{"embeddable":true,"href":"https:\/\/unab.edu.co\/i2r\/wp-json\/wp\/v2\/comments?post=2962"}],"version-history":[{"count":3,"href":"https:\/\/unab.edu.co\/i2r\/wp-json\/wp\/v2\/posts\/2962\/revisions"}],"predecessor-version":[{"id":2982,"href":"https:\/\/unab.edu.co\/i2r\/wp-json\/wp\/v2\/posts\/2962\/revisions\/2982"}],"wp:attachment":[{"href":"https:\/\/unab.edu.co\/i2r\/wp-json\/wp\/v2\/media?parent=2962"}],"wp:term":[{"taxonomy":"category","embeddable":true,"href":"https:\/\/unab.edu.co\/i2r\/wp-json\/wp\/v2\/categories?post=2962"},{"taxonomy":"post_tag","embeddable":true,"href":"https:\/\/unab.edu.co\/i2r\/wp-json\/wp\/v2\/tags?post=2962"}],"curies":[{"name":"wp","href":"https:\/\/api.w.org\/{rel}","templated":true}]}}