{"id":2966,"date":"2023-01-17T07:57:21","date_gmt":"2023-01-17T12:57:21","guid":{"rendered":"https:\/\/unab.edu.co\/i2r\/?p=2966"},"modified":"2023-04-17T07:57:58","modified_gmt":"2023-04-17T12:57:58","slug":"eddie-e-manotas","status":"publish","type":"post","link":"https:\/\/unab.edu.co\/i2r\/eddie-e-manotas\/","title":{"rendered":"Eddie E. Manotas"},"content":{"rendered":"\n<figure class=\"wp-block-image size-full\"><img decoding=\"async\" width=\"960\" height=\"720\" data-src=\"https:\/\/unab.edu.co\/i2r\/wp-content\/uploads\/2023\/04\/eddie-manotas.jpg\" alt=\"\" class=\"wp-image-2967 lazyload\" data-srcset=\"https:\/\/unab.edu.co\/i2r\/wp-content\/uploads\/2023\/04\/eddie-manotas.jpg 960w, https:\/\/unab.edu.co\/i2r\/wp-content\/uploads\/2023\/04\/eddie-manotas-480x360.jpg 480w\" data-sizes=\"(min-width: 0px) and (max-width: 480px) 480px, (min-width: 481px) 960px, 100vw\" src=\"data:image\/svg+xml;base64,PHN2ZyB3aWR0aD0iMSIgaGVpZ2h0PSIxIiB4bWxucz0iaHR0cDovL3d3dy53My5vcmcvMjAwMC9zdmciPjwvc3ZnPg==\" style=\"--smush-placeholder-width: 960px; --smush-placeholder-aspect-ratio: 960\/720;\" \/><\/figure>\n\n\n\n<p>Recibi\u00f3 su t\u00edtulo de ingeniero mec\u00e1nico de la Universidad Nacional de Colombia (Medell\u00edn, Colombia), en el 2008. Posteriormente, obtuvo t\u00edtulo como especialista en Gesti\u00f3n de la Innovaci\u00f3n Tecnol\u00f3gica en la Universidad Pontificia Bolivariana (Medell\u00edn, Colombia), en el 2014. En 2021, recibi\u00f3 su t\u00edtulo como abogado de la Instituci\u00f3n Universitaria Polit\u00e9cnico Gran Colombiano (Medell\u00edn, Colombia).<\/p>\n\n\n\n<p>Trabaj\u00f3 en el dise\u00f1o y montaje de equipos para el sector minero y agroindustrial, la gesti\u00f3n de infraestructura f\u00edsica, redes el\u00e9ctricas, equipos y redes de gases para laboratorios, y el dise\u00f1o de sistemas de transmisi\u00f3n de potencia mec\u00e1nica. Adem\u00e1s, en 2010 se vincul\u00f3 a la Unidad de Gesti\u00f3n Tecnol\u00f3gica de la Universidad Nacional de Colombia (Medell\u00edn, Colombia) donde particip\u00f3 en la redacci\u00f3n de patentes, gesti\u00f3n de la propiedad intelectual y actividades de comercializaci\u00f3n, negociaci\u00f3n y valoraci\u00f3n de activos intangibles. Adicionalmente, pudo acceder a distintos escenarios de capacitaci\u00f3n en materia de propiedad intelectual y gesti\u00f3n tecnol\u00f3gica, con expertos colombianos e internacionales. En 2013, se vincula a OlarteMoure como t\u00e9cnico asociado participando en procesos de an\u00e1lisis de patentabilidad, redacci\u00f3n y tr\u00e1mite de patentes. Posteriormente, en 2016 asume la coordinaci\u00f3n del \u00e1rea de B\u00fasqueda e Inteligencia Competitiva.<\/p>\n","protected":false},"excerpt":{"rendered":"<p>Recibi\u00f3 su t\u00edtulo de ingeniero mec\u00e1nico de la Universidad Nacional de Colombia (Medell\u00edn, Colombia), en el 2008. Posteriormente, obtuvo t\u00edtulo como especialista en Gesti\u00f3n de la Innovaci\u00f3n Tecnol\u00f3gica en la Universidad Pontificia Bolivariana (Medell\u00edn, Colombia), en el 2014. En 2021, recibi\u00f3 su t\u00edtulo como abogado de la Instituci\u00f3n Universitaria Polit\u00e9cnico Gran Colombiano (Medell\u00edn, Colombia). Trabaj\u00f3 [&hellip;]<\/p>\n","protected":false},"author":9,"featured_media":0,"comment_status":"open","ping_status":"open","sticky":false,"template":"","format":"standard","meta":{"_et_pb_use_builder":"","_et_pb_old_content":"","_et_gb_content_width":"","pgc_sgb_lightbox_settings":"","footnotes":""},"categories":[27],"tags":[],"class_list":["post-2966","post","type-post","status-publish","format-standard","hentry","category-invitados-2023"],"_links":{"self":[{"href":"https:\/\/unab.edu.co\/i2r\/wp-json\/wp\/v2\/posts\/2966","targetHints":{"allow":["GET"]}}],"collection":[{"href":"https:\/\/unab.edu.co\/i2r\/wp-json\/wp\/v2\/posts"}],"about":[{"href":"https:\/\/unab.edu.co\/i2r\/wp-json\/wp\/v2\/types\/post"}],"author":[{"embeddable":true,"href":"https:\/\/unab.edu.co\/i2r\/wp-json\/wp\/v2\/users\/9"}],"replies":[{"embeddable":true,"href":"https:\/\/unab.edu.co\/i2r\/wp-json\/wp\/v2\/comments?post=2966"}],"version-history":[{"count":1,"href":"https:\/\/unab.edu.co\/i2r\/wp-json\/wp\/v2\/posts\/2966\/revisions"}],"predecessor-version":[{"id":2968,"href":"https:\/\/unab.edu.co\/i2r\/wp-json\/wp\/v2\/posts\/2966\/revisions\/2968"}],"wp:attachment":[{"href":"https:\/\/unab.edu.co\/i2r\/wp-json\/wp\/v2\/media?parent=2966"}],"wp:term":[{"taxonomy":"category","embeddable":true,"href":"https:\/\/unab.edu.co\/i2r\/wp-json\/wp\/v2\/categories?post=2966"},{"taxonomy":"post_tag","embeddable":true,"href":"https:\/\/unab.edu.co\/i2r\/wp-json\/wp\/v2\/tags?post=2966"}],"curies":[{"name":"wp","href":"https:\/\/api.w.org\/{rel}","templated":true}]}}