{"id":3005,"date":"2023-02-18T20:10:53","date_gmt":"2023-02-19T01:10:53","guid":{"rendered":"https:\/\/unab.edu.co\/i2r\/?p=3005"},"modified":"2023-04-18T20:39:34","modified_gmt":"2023-04-19T01:39:34","slug":"cesar-dario-guerrero-santander","status":"publish","type":"post","link":"https:\/\/unab.edu.co\/i2r\/cesar-dario-guerrero-santander\/","title":{"rendered":"C\u00e9sar Dar\u00edo Guerrero Santander"},"content":{"rendered":"\n<figure class=\"wp-block-image aligncenter size-full\"><img decoding=\"async\" width=\"960\" height=\"720\" data-src=\"https:\/\/unab.edu.co\/i2r\/wp-content\/uploads\/2023\/04\/cesar-guerrero-1.jpg\" alt=\"\" class=\"wp-image-3007 lazyload\" data-srcset=\"https:\/\/unab.edu.co\/i2r\/wp-content\/uploads\/2023\/04\/cesar-guerrero-1.jpg 960w, https:\/\/unab.edu.co\/i2r\/wp-content\/uploads\/2023\/04\/cesar-guerrero-1-480x360.jpg 480w\" data-sizes=\"(min-width: 0px) and (max-width: 480px) 480px, (min-width: 481px) 960px, 100vw\" src=\"data:image\/svg+xml;base64,PHN2ZyB3aWR0aD0iMSIgaGVpZ2h0PSIxIiB4bWxucz0iaHR0cDovL3d3dy53My5vcmcvMjAwMC9zdmciPjwvc3ZnPg==\" style=\"--smush-placeholder-width: 960px; --smush-placeholder-aspect-ratio: 960\/720;\" \/><\/figure>\n\n\n\n<p>Director de la Universidad Aut\u00f3noma de Bucaramanga (UNAB) en Colombia. Obtuvo su maestr\u00eda en Ciencias de la Computaci\u00f3n en 2002 y su maestr\u00eda en Ingenier\u00eda Inform\u00e1tica en 2007. En 2009 obtuvo su doctorado en Ciencias de la Computaci\u00f3n e Ingenier\u00eda de la Universidad del Sur de Florida (EEUU). En 2016 obtuvo un postgrado en Creatividad y Liderazgo del Cambio por el Centro Internacional de Estudios de la Creatividad de Buffalo (EEUU).<\/p>\n","protected":false},"excerpt":{"rendered":"<p>Director de la Universidad Aut\u00f3noma de Bucaramanga (UNAB) en Colombia. Obtuvo su maestr\u00eda en Ciencias de la Computaci\u00f3n en 2002 y su maestr\u00eda en Ingenier\u00eda Inform\u00e1tica en 2007. En 2009 obtuvo su doctorado en Ciencias de la Computaci\u00f3n e Ingenier\u00eda de la Universidad del Sur de Florida (EEUU). En 2016 obtuvo un postgrado en Creatividad [&hellip;]<\/p>\n","protected":false},"author":9,"featured_media":0,"comment_status":"open","ping_status":"open","sticky":false,"template":"","format":"standard","meta":{"_et_pb_use_builder":"","_et_pb_old_content":"","_et_gb_content_width":"","pgc_sgb_lightbox_settings":"","footnotes":""},"categories":[27],"tags":[],"class_list":["post-3005","post","type-post","status-publish","format-standard","hentry","category-invitados-2023"],"_links":{"self":[{"href":"https:\/\/unab.edu.co\/i2r\/wp-json\/wp\/v2\/posts\/3005","targetHints":{"allow":["GET"]}}],"collection":[{"href":"https:\/\/unab.edu.co\/i2r\/wp-json\/wp\/v2\/posts"}],"about":[{"href":"https:\/\/unab.edu.co\/i2r\/wp-json\/wp\/v2\/types\/post"}],"author":[{"embeddable":true,"href":"https:\/\/unab.edu.co\/i2r\/wp-json\/wp\/v2\/users\/9"}],"replies":[{"embeddable":true,"href":"https:\/\/unab.edu.co\/i2r\/wp-json\/wp\/v2\/comments?post=3005"}],"version-history":[{"count":1,"href":"https:\/\/unab.edu.co\/i2r\/wp-json\/wp\/v2\/posts\/3005\/revisions"}],"predecessor-version":[{"id":3008,"href":"https:\/\/unab.edu.co\/i2r\/wp-json\/wp\/v2\/posts\/3005\/revisions\/3008"}],"wp:attachment":[{"href":"https:\/\/unab.edu.co\/i2r\/wp-json\/wp\/v2\/media?parent=3005"}],"wp:term":[{"taxonomy":"category","embeddable":true,"href":"https:\/\/unab.edu.co\/i2r\/wp-json\/wp\/v2\/categories?post=3005"},{"taxonomy":"post_tag","embeddable":true,"href":"https:\/\/unab.edu.co\/i2r\/wp-json\/wp\/v2\/tags?post=3005"}],"curies":[{"name":"wp","href":"https:\/\/api.w.org\/{rel}","templated":true}]}}