{"id":3031,"date":"2023-02-18T20:38:48","date_gmt":"2023-02-19T01:38:48","guid":{"rendered":"https:\/\/unab.edu.co\/i2r\/?p=3031"},"modified":"2023-04-18T20:39:17","modified_gmt":"2023-04-19T01:39:17","slug":"franz-dieter-hensel-riveros","status":"publish","type":"post","link":"https:\/\/unab.edu.co\/i2r\/franz-dieter-hensel-riveros\/","title":{"rendered":"Franz Dieter Hensel Riveros"},"content":{"rendered":"\n<figure class=\"wp-block-image size-full\"><img decoding=\"async\" width=\"960\" height=\"720\" data-src=\"https:\/\/unab.edu.co\/i2r\/wp-content\/uploads\/2023\/04\/framz.jpg\" alt=\"\" class=\"wp-image-3032 lazyload\" data-srcset=\"https:\/\/unab.edu.co\/i2r\/wp-content\/uploads\/2023\/04\/framz.jpg 960w, https:\/\/unab.edu.co\/i2r\/wp-content\/uploads\/2023\/04\/framz-480x360.jpg 480w\" data-sizes=\"(min-width: 0px) and (max-width: 480px) 480px, (min-width: 481px) 960px, 100vw\" src=\"data:image\/svg+xml;base64,PHN2ZyB3aWR0aD0iMSIgaGVpZ2h0PSIxIiB4bWxucz0iaHR0cDovL3d3dy53My5vcmcvMjAwMC9zdmciPjwvc3ZnPg==\" style=\"--smush-placeholder-width: 960px; --smush-placeholder-aspect-ratio: 960\/720;\" \/><\/figure>\n\n\n\n<p>Polit\u00f3logo (<em>Magna Cum Laude<\/em>), historiador (<em>Honores<\/em>) y Magister en antropolog\u00eda de la Universidad de los Andes. PhD en Historia de la Universidad de Texas en Austin.  Actualmente se desempe\u00f1a como Vicerrector acad\u00e9mico de la UNAB.<\/p>\n","protected":false},"excerpt":{"rendered":"<p>Polit\u00f3logo (Magna Cum Laude), historiador (Honores) y Magister en antropolog\u00eda de la Universidad de los Andes. PhD en Historia de la Universidad de Texas en Austin. Actualmente se desempe\u00f1a como Vicerrector acad\u00e9mico de la UNAB.<\/p>\n","protected":false},"author":9,"featured_media":0,"comment_status":"open","ping_status":"open","sticky":false,"template":"","format":"standard","meta":{"_et_pb_use_builder":"","_et_pb_old_content":"","_et_gb_content_width":"","pgc_sgb_lightbox_settings":"","footnotes":""},"categories":[27,1],"tags":[],"class_list":["post-3031","post","type-post","status-publish","format-standard","hentry","category-invitados-2023","category-sin-categoria"],"_links":{"self":[{"href":"https:\/\/unab.edu.co\/i2r\/wp-json\/wp\/v2\/posts\/3031","targetHints":{"allow":["GET"]}}],"collection":[{"href":"https:\/\/unab.edu.co\/i2r\/wp-json\/wp\/v2\/posts"}],"about":[{"href":"https:\/\/unab.edu.co\/i2r\/wp-json\/wp\/v2\/types\/post"}],"author":[{"embeddable":true,"href":"https:\/\/unab.edu.co\/i2r\/wp-json\/wp\/v2\/users\/9"}],"replies":[{"embeddable":true,"href":"https:\/\/unab.edu.co\/i2r\/wp-json\/wp\/v2\/comments?post=3031"}],"version-history":[{"count":1,"href":"https:\/\/unab.edu.co\/i2r\/wp-json\/wp\/v2\/posts\/3031\/revisions"}],"predecessor-version":[{"id":3033,"href":"https:\/\/unab.edu.co\/i2r\/wp-json\/wp\/v2\/posts\/3031\/revisions\/3033"}],"wp:attachment":[{"href":"https:\/\/unab.edu.co\/i2r\/wp-json\/wp\/v2\/media?parent=3031"}],"wp:term":[{"taxonomy":"category","embeddable":true,"href":"https:\/\/unab.edu.co\/i2r\/wp-json\/wp\/v2\/categories?post=3031"},{"taxonomy":"post_tag","embeddable":true,"href":"https:\/\/unab.edu.co\/i2r\/wp-json\/wp\/v2\/tags?post=3031"}],"curies":[{"name":"wp","href":"https:\/\/api.w.org\/{rel}","templated":true}]}}